{"id":2787,"date":"2021-09-10T00:00:00","date_gmt":"2021-09-09T22:00:00","guid":{"rendered":"http:\/\/not-tarnow.pl\/index.php\/2021\/09\/przygotowania-do-150-rocznicy-urodzin-jana-szczepanika\/"},"modified":"2021-12-02T10:32:15","modified_gmt":"2021-12-02T09:32:15","slug":"przygotowania-do-150-rocznicy-urodzin-jana-szczepanika","status":"publish","type":"post","link":"https:\/\/www.not-tarnow.pl\/index.php\/2021\/09\/przygotowania-do-150-rocznicy-urodzin-jana-szczepanika\/","title":{"rendered":"Przygotowania do 150. rocznicy urodzin Jana Szczepanika"},"content":{"rendered":"<div class=\"\" dir=\"auto\">\n<div id=\"jsc_c_6l\" class=\"ecm0bbzt hv4rvrfc ihqw7lf3 dati1w0a\" data-ad-comet-preview=\"message\" data-ad-preview=\"message\">\n<div class=\"j83agx80 cbu4d94t ew0dbk1b irj2b8pg\">\n<div class=\"qzhwtbm6 knvmm38d\">\n<div dir=\"auto\"><img decoding=\"async\" loading=\"lazy\" class=\" wp-image-2719 alignleft\" src=\"http:\/\/www.not-tarnow.pl\/wp-content\/uploads\/2021\/10\/konf-szczepanik-fot.-artur-gawle-960x800.jpg\" alt=\"\" width=\"412\" height=\"343\" srcset=\"https:\/\/www.not-tarnow.pl\/wp-content\/uploads\/2021\/10\/konf-szczepanik-fot.-artur-gawle-960x800.jpg 960w, https:\/\/www.not-tarnow.pl\/wp-content\/uploads\/2021\/10\/konf-szczepanik-fot.-artur-gawle-960x800-300x250.jpg 300w, https:\/\/www.not-tarnow.pl\/wp-content\/uploads\/2021\/10\/konf-szczepanik-fot.-artur-gawle-960x800-768x640.jpg 768w\" sizes=\"(max-width: 412px) 100vw, 412px\" \/>W przysz\u0142ym roku przypada <em>150. rocznica urodzin Jana Szczepanika<\/em>. Z tej okazji 10 wrze\u015bnia w Sali Lustrzanej odby\u0142o si\u0119 spotkanie przedstawicieli miasta, tarnowskich instytucji naukowych i technicznych i kulturalnych. Obecni byli mieszka\u0144cy Tarnowa i Krosna. Celem by\u0142o opracowanie za\u0142o\u017ce\u0144 wydarzenia wa\u017cnego dla obu miast.<\/div>\n<div dir=\"auto\"><\/div>\n<div class=\"o9v6fnle cxmmr5t8 oygrvhab hcukyx3x c1et5uql ii04i59q\">\n<div dir=\"auto\">W spotkaniu zorganizowanym przez Urz\u0105d Miasta Tarnowa udzia\u0142 wzi\u0119\u0142a Prezes NOT w Tarnowie Renata \u0141ab\u0119d\u017a, a tak\u017ce m.in. zast\u0119pca prezydenta Tarnowa Agnieszka Kawa, przewodnicz\u0105cy Rady Gospodarczej Ryszard P\u00f3\u0142torak, przedstawiciele IPH w Tarnowie, SEP, SITPChem, Fundacji im. Jana Szczepanika, PWSZ w Tarnowie, ZSOiT im. Szczepanika w Tarnowie, ZSP nr 1 im. Jana Szczepanika w Kro\u015bnie oraz Muzeum Rzemios\u0142a w Kro\u015bnie.<\/div>\n<div dir=\"auto\"><\/div>\n<div dir=\"auto\">wi\u0119cej na stronie &gt;&gt; <a class=\"oajrlxb2 g5ia77u1 qu0x051f esr5mh6w e9989ue4 r7d6kgcz rq0escxv nhd2j8a9 nc684nl6 p7hjln8o kvgmc6g5 cxmmr5t8 oygrvhab hcukyx3x jb3vyjys rz4wbd8a qt6c0cv9 a8nywdso i1ao9s8h esuyzwwr f1sip0of lzcic4wl py34i1dx gpro0wi8\" tabindex=\"0\" role=\"link\" href=\"https:\/\/tarnow.ikc.pl\/burza-mozgow-w-sali-lustrzanej-chca-upamietnic-jana-szczepanika\/?fbclid=IwAR2QXrvF8oJdOBDgIHGsXueosmonkSakGIKKgdeDjBwc34-EdgSIUGdF744\" target=\"_blank\" rel=\"nofollow noopener\">https:\/\/tarnow.ikc.pl\/burza-mozgow-w-sali-lustrzanej-chca-upamietnic-jana-szczepanika<\/a><\/div>\n<\/p><\/div>\n<\/p><\/div>\n<\/p><\/div>\n<\/p><\/div>\n<\/p><\/div>\n","protected":false},"excerpt":{"rendered":"<p>W przysz\u0142ym roku przypada 150. rocznica urodzin Jana Szczepanika. Z tej okazji 10 wrze\u015bnia w Sali Lustrzanej odby\u0142o si\u0119 spotkanie<\/p>\n","protected":false},"author":1,"featured_media":0,"comment_status":"closed","ping_status":"closed","sticky":false,"template":"","format":"standard","meta":{"footnotes":""},"categories":[12,17],"tags":[],"_links":{"self":[{"href":"https:\/\/www.not-tarnow.pl\/index.php\/wp-json\/wp\/v2\/posts\/2787"}],"collection":[{"href":"https:\/\/www.not-tarnow.pl\/index.php\/wp-json\/wp\/v2\/posts"}],"about":[{"href":"https:\/\/www.not-tarnow.pl\/index.php\/wp-json\/wp\/v2\/types\/post"}],"author":[{"embeddable":true,"href":"https:\/\/www.not-tarnow.pl\/index.php\/wp-json\/wp\/v2\/users\/1"}],"replies":[{"embeddable":true,"href":"https:\/\/www.not-tarnow.pl\/index.php\/wp-json\/wp\/v2\/comments?post=2787"}],"version-history":[{"count":1,"href":"https:\/\/www.not-tarnow.pl\/index.php\/wp-json\/wp\/v2\/posts\/2787\/revisions"}],"predecessor-version":[{"id":3044,"href":"https:\/\/www.not-tarnow.pl\/index.php\/wp-json\/wp\/v2\/posts\/2787\/revisions\/3044"}],"wp:attachment":[{"href":"https:\/\/www.not-tarnow.pl\/index.php\/wp-json\/wp\/v2\/media?parent=2787"}],"wp:term":[{"taxonomy":"category","embeddable":true,"href":"https:\/\/www.not-tarnow.pl\/index.php\/wp-json\/wp\/v2\/categories?post=2787"},{"taxonomy":"post_tag","embeddable":true,"href":"https:\/\/www.not-tarnow.pl\/index.php\/wp-json\/wp\/v2\/tags?post=2787"}],"curies":[{"name":"wp","href":"https:\/\/api.w.org\/{rel}","templated":true}]}}