{"id":2794,"date":"2021-08-15T00:00:00","date_gmt":"2021-08-14T22:00:00","guid":{"rendered":"http:\/\/not-tarnow.pl\/index.php\/2021\/08\/obchody-101-rocznica-bitwy-warszawskiej-w-tarnowie\/"},"modified":"2021-08-15T00:00:00","modified_gmt":"2021-08-14T22:00:00","slug":"obchody-101-rocznica-bitwy-warszawskiej-w-tarnowie","status":"publish","type":"post","link":"https:\/\/www.not-tarnow.pl\/index.php\/2021\/08\/obchody-101-rocznica-bitwy-warszawskiej-w-tarnowie\/","title":{"rendered":"Obchody 101. rocznica Bitwy Warszawskiej w Tarnowie"},"content":{"rendered":"<p><strong><img decoding=\"async\" loading=\"lazy\" class=\"wp-image-2666 alignleft\" src=\"http:\/\/www.not-tarnow.pl\/wp-content\/uploads\/2021\/08\/164074.jpg\" alt=\"\" width=\"402\" height=\"268\" srcset=\"https:\/\/www.not-tarnow.pl\/wp-content\/uploads\/2021\/08\/164074.jpg 800w, https:\/\/www.not-tarnow.pl\/wp-content\/uploads\/2021\/08\/164074-300x200.jpg 300w, https:\/\/www.not-tarnow.pl\/wp-content\/uploads\/2021\/08\/164074-768x512.jpg 768w\" sizes=\"(max-width: 402px) 100vw, 402px\" \/> <img decoding=\"async\" loading=\"lazy\" class=\"wp-image-2669 alignleft\" src=\"http:\/\/www.not-tarnow.pl\/wp-content\/uploads\/2021\/08\/236672060_3012755869000495_7603598370560932746_n.jpg\" alt=\"\" width=\"402\" height=\"268\" srcset=\"https:\/\/www.not-tarnow.pl\/wp-content\/uploads\/2021\/08\/236672060_3012755869000495_7603598370560932746_n.jpg 2048w, https:\/\/www.not-tarnow.pl\/wp-content\/uploads\/2021\/08\/236672060_3012755869000495_7603598370560932746_n-300x200.jpg 300w, https:\/\/www.not-tarnow.pl\/wp-content\/uploads\/2021\/08\/236672060_3012755869000495_7603598370560932746_n-768x512.jpg 768w, https:\/\/www.not-tarnow.pl\/wp-content\/uploads\/2021\/08\/236672060_3012755869000495_7603598370560932746_n-1024x683.jpg 1024w\" sizes=\"(max-width: 402px) 100vw, 402px\" \/>Obchody 101. rocznicy Bitwy Warszawskiej w Tarnowie<\/strong>W niedziel\u0119 15 sierpnia 2021 r. w\u0142adze samorz\u0105dowe, parlamentarzy\u015bci, kombatanci, m\u0142odzie\u017c z tarnowskich szk\u00f3\u0142 i mieszka\u0144cy miasta uczcili \u015awi\u0119to Wojska Polskiego i 101. rocznic\u0119 Bitwy Warszawskiej. W imieniu tarnowskiego NOT w uroczysto\u015bciach uczestniczy\u0142a r\u00f3wnie\u017c Pani Prezes Renata \u0141ab\u0119d\u017a.Tarnowskie obchody rozpocz\u0119\u0142y si\u0119 pod pomnikiem Wincentego Witosa. W po\u0142udnie w Bazylice Katedralnej zosta\u0142a odprawiona msza \u015bwi\u0119ta za Ojczyzn\u0119, po kt\u00f3rej nast\u0105pi\u0142 przemarsz pod Gr\u00f3b Nieznanego \u017bo\u0142nierza. Obchody zako\u0144czy\u0142y uroczysto\u015bci przy pomniku marsza\u0142ka J\u00f3zefa Pi\u0142sudskiego.Bitwa Warszawska zosta\u0142a uznana za osiemnast\u0105 najwa\u017cniejsz\u0105 bitw\u0119 decyduj\u0105c\u0105 o losach \u015bwiata, Polacy zatrzymali bowiem marsz bolszewik\u00f3w na Zach\u00f3d. Ju\u017c w 1923 roku zdecydowano, \u017ce 15 sierpnia b\u0119dzie obchodzony jako \u015awi\u0119to \u017bo\u0142nierza. Uroczyste obchody zwyci\u0119stwa nad bolszewikami, zniesione po wojnie przez komunist\u00f3w, zosta\u0142y przywr\u00f3cone w niepodleg\u0142ej Polsce.<\/p>\n","protected":false},"excerpt":{"rendered":"<p>Obchody 101. rocznicy Bitwy Warszawskiej w TarnowieW niedziel\u0119 15 sierpnia 2021 r. w\u0142adze samorz\u0105dowe, parlamentarzy\u015bci, kombatanci, m\u0142odzie\u017c z tarnowskich szk\u00f3\u0142<\/p>\n","protected":false},"author":1,"featured_media":0,"comment_status":"closed","ping_status":"closed","sticky":false,"template":"","format":"standard","meta":{"footnotes":""},"categories":[12],"tags":[],"_links":{"self":[{"href":"https:\/\/www.not-tarnow.pl\/index.php\/wp-json\/wp\/v2\/posts\/2794"}],"collection":[{"href":"https:\/\/www.not-tarnow.pl\/index.php\/wp-json\/wp\/v2\/posts"}],"about":[{"href":"https:\/\/www.not-tarnow.pl\/index.php\/wp-json\/wp\/v2\/types\/post"}],"author":[{"embeddable":true,"href":"https:\/\/www.not-tarnow.pl\/index.php\/wp-json\/wp\/v2\/users\/1"}],"replies":[{"embeddable":true,"href":"https:\/\/www.not-tarnow.pl\/index.php\/wp-json\/wp\/v2\/comments?post=2794"}],"version-history":[{"count":0,"href":"https:\/\/www.not-tarnow.pl\/index.php\/wp-json\/wp\/v2\/posts\/2794\/revisions"}],"wp:attachment":[{"href":"https:\/\/www.not-tarnow.pl\/index.php\/wp-json\/wp\/v2\/media?parent=2794"}],"wp:term":[{"taxonomy":"category","embeddable":true,"href":"https:\/\/www.not-tarnow.pl\/index.php\/wp-json\/wp\/v2\/categories?post=2794"},{"taxonomy":"post_tag","embeddable":true,"href":"https:\/\/www.not-tarnow.pl\/index.php\/wp-json\/wp\/v2\/tags?post=2794"}],"curies":[{"name":"wp","href":"https:\/\/api.w.org\/{rel}","templated":true}]}}