{"id":2795,"date":"2021-08-01T00:00:00","date_gmt":"2021-07-31T22:00:00","guid":{"rendered":"http:\/\/not-tarnow.pl\/index.php\/2021\/08\/77-rocznica-powstania-warszawskiego\/"},"modified":"2021-08-01T00:00:00","modified_gmt":"2021-07-31T22:00:00","slug":"77-rocznica-powstania-warszawskiego","status":"publish","type":"post","link":"https:\/\/www.not-tarnow.pl\/index.php\/2021\/08\/77-rocznica-powstania-warszawskiego\/","title":{"rendered":"77. Rocznica Powstania Warszawskiego"},"content":{"rendered":"<p><strong><img decoding=\"async\" loading=\"lazy\" class=\"wp-image-2591 alignleft\" src=\"http:\/\/www.not-tarnow.pl\/wp-content\/uploads\/2021\/08\/2.jpg\" alt=\"\" width=\"382\" height=\"255\" srcset=\"https:\/\/www.not-tarnow.pl\/wp-content\/uploads\/2021\/08\/2.jpg 865w, https:\/\/www.not-tarnow.pl\/wp-content\/uploads\/2021\/08\/2-300x200.jpg 300w, https:\/\/www.not-tarnow.pl\/wp-content\/uploads\/2021\/08\/2-768x513.jpg 768w\" sizes=\"(max-width: 382px) 100vw, 382px\" \/>Obowi\u0105zek Pami\u0119ci<\/strong> \u2013 <strong>77. Rocznica Powstania Warszawskiego <\/strong><b>1 sierpnia <\/b>ka\u017cdego roku prezesi tarnowskich stowarzysze\u0144 NT oraz TJO-NOT wsp\u00f3lnie spotykaj\u0105 si\u0119 przy mogile Henryka Ziemnickiego \u2013 uczestnika Powstania 1944 roku.\u00a0 <a href=\"http:\/\/www.not-tarnow.pl\/index.php\/rocznica-powstania-warszawskiego\/\"><em>wi\u0119cej&gt;&gt;<\/em><\/a><\/p>\n","protected":false},"excerpt":{"rendered":"<p>Obowi\u0105zek Pami\u0119ci \u2013 77. Rocznica Powstania Warszawskiego 1 sierpnia ka\u017cdego roku prezesi tarnowskich stowarzysze\u0144 NT oraz TJO-NOT wsp\u00f3lnie spotykaj\u0105 si\u0119<\/p>\n","protected":false},"author":1,"featured_media":0,"comment_status":"closed","ping_status":"closed","sticky":false,"template":"","format":"standard","meta":{"footnotes":""},"categories":[12],"tags":[],"_links":{"self":[{"href":"https:\/\/www.not-tarnow.pl\/index.php\/wp-json\/wp\/v2\/posts\/2795"}],"collection":[{"href":"https:\/\/www.not-tarnow.pl\/index.php\/wp-json\/wp\/v2\/posts"}],"about":[{"href":"https:\/\/www.not-tarnow.pl\/index.php\/wp-json\/wp\/v2\/types\/post"}],"author":[{"embeddable":true,"href":"https:\/\/www.not-tarnow.pl\/index.php\/wp-json\/wp\/v2\/users\/1"}],"replies":[{"embeddable":true,"href":"https:\/\/www.not-tarnow.pl\/index.php\/wp-json\/wp\/v2\/comments?post=2795"}],"version-history":[{"count":0,"href":"https:\/\/www.not-tarnow.pl\/index.php\/wp-json\/wp\/v2\/posts\/2795\/revisions"}],"wp:attachment":[{"href":"https:\/\/www.not-tarnow.pl\/index.php\/wp-json\/wp\/v2\/media?parent=2795"}],"wp:term":[{"taxonomy":"category","embeddable":true,"href":"https:\/\/www.not-tarnow.pl\/index.php\/wp-json\/wp\/v2\/categories?post=2795"},{"taxonomy":"post_tag","embeddable":true,"href":"https:\/\/www.not-tarnow.pl\/index.php\/wp-json\/wp\/v2\/tags?post=2795"}],"curies":[{"name":"wp","href":"https:\/\/api.w.org\/{rel}","templated":true}]}}