{"id":2799,"date":"2021-06-08T00:00:00","date_gmt":"2021-06-07T22:00:00","guid":{"rendered":"http:\/\/not-tarnow.pl\/index.php\/2021\/06\/nowy-klimat-w-tarnowie\/"},"modified":"2021-06-08T00:00:00","modified_gmt":"2021-06-07T22:00:00","slug":"nowy-klimat-w-tarnowie","status":"publish","type":"post","link":"https:\/\/www.not-tarnow.pl\/index.php\/2021\/06\/nowy-klimat-w-tarnowie\/","title":{"rendered":"\u201eNowy klimat w Tarnowie\u201d"},"content":{"rendered":"<p><img decoding=\"async\" loading=\"lazy\" class=\"ji94ytn4 r9f5tntg d2edcug0 r0294ipz alignleft\" src=\"https:\/\/scontent-frt3-2.xx.fbcdn.net\/v\/t1.6435-9\/192976127_2961937654082317_8449785800467974874_n.jpg?_nc_cat=103&amp;ccb=1-5&amp;_nc_sid=0debeb&amp;_nc_ohc=-jY4aV4t1QsAX-Sh5Xu&amp;_nc_oc=AQkdWevNtSvKxHLiubIcAlVYHcsLv8DNycVunOposKrKq66Pf--b6jRVz1AVtiC7ESg&amp;_nc_ht=scontent-frt3-2.xx&amp;oh=2481a834bcfd91f1080b7100347bd18f&amp;oe=614321B5\" alt=\"Mo\u017ce by\u0107 zdj\u0119ciem przedstawiaj\u0105cym 3 osoby, ludzie stoj\u0105 i na \u015bwie\u017cym powietrzu\" width=\"278\" height=\"185\" data-visualcompletion=\"media-vc-image\" \/>8 czerwca 2021 r. Prezes NOT Tarn\u00f3w uczestniczy\u0142a w wydarzeniu pn. &#8222;Nowy klimat w Tarnowie&#8221;, inauguruj\u0105cym dzia\u0142anie <strong><span class=\"v1v1colour\">Nieformalnej Grupy Tarnowskiej NGT<\/span><\/strong><span class=\"v1v1colour\">. Wydarzenie rozpocz\u0119to <\/span><span class=\"v1v1highlight\"><span class=\"v1v1colour\">posadzeniem drzewa tlenowego na terenie kampusu PWSZ, a nast\u0119pnie odby\u0142a si\u0119<\/span><\/span> <span class=\"v1v1highlight\"><span class=\"v1v1colour\">konferencja po\u015bwi\u0119cona zagadnieniom \u015brodowiska przyjaznego dla wsp\u00f3\u0142czesnego mieszka\u0144ca<em>.<\/em><\/span><\/span><\/p>\n","protected":false},"excerpt":{"rendered":"<p>8 czerwca 2021 r. Prezes NOT Tarn\u00f3w uczestniczy\u0142a w wydarzeniu pn. &#8222;Nowy klimat w Tarnowie&#8221;, inauguruj\u0105cym dzia\u0142anie Nieformalnej Grupy Tarnowskiej<\/p>\n","protected":false},"author":1,"featured_media":0,"comment_status":"closed","ping_status":"closed","sticky":false,"template":"","format":"standard","meta":{"footnotes":""},"categories":[12],"tags":[],"_links":{"self":[{"href":"https:\/\/www.not-tarnow.pl\/index.php\/wp-json\/wp\/v2\/posts\/2799"}],"collection":[{"href":"https:\/\/www.not-tarnow.pl\/index.php\/wp-json\/wp\/v2\/posts"}],"about":[{"href":"https:\/\/www.not-tarnow.pl\/index.php\/wp-json\/wp\/v2\/types\/post"}],"author":[{"embeddable":true,"href":"https:\/\/www.not-tarnow.pl\/index.php\/wp-json\/wp\/v2\/users\/1"}],"replies":[{"embeddable":true,"href":"https:\/\/www.not-tarnow.pl\/index.php\/wp-json\/wp\/v2\/comments?post=2799"}],"version-history":[{"count":0,"href":"https:\/\/www.not-tarnow.pl\/index.php\/wp-json\/wp\/v2\/posts\/2799\/revisions"}],"wp:attachment":[{"href":"https:\/\/www.not-tarnow.pl\/index.php\/wp-json\/wp\/v2\/media?parent=2799"}],"wp:term":[{"taxonomy":"category","embeddable":true,"href":"https:\/\/www.not-tarnow.pl\/index.php\/wp-json\/wp\/v2\/categories?post=2799"},{"taxonomy":"post_tag","embeddable":true,"href":"https:\/\/www.not-tarnow.pl\/index.php\/wp-json\/wp\/v2\/tags?post=2799"}],"curies":[{"name":"wp","href":"https:\/\/api.w.org\/{rel}","templated":true}]}}