{"id":2800,"date":"2021-06-01T00:00:00","date_gmt":"2021-05-31T22:00:00","guid":{"rendered":"http:\/\/not-tarnow.pl\/index.php\/2021\/06\/dni-techniki-w-zst\/"},"modified":"2021-06-01T00:00:00","modified_gmt":"2021-05-31T22:00:00","slug":"dni-techniki-w-zst","status":"publish","type":"post","link":"https:\/\/www.not-tarnow.pl\/index.php\/2021\/06\/dni-techniki-w-zst\/","title":{"rendered":"Dni Techniki w ZST"},"content":{"rendered":"<p><img decoding=\"async\" loading=\"lazy\" class=\"wp-image-2577 alignleft\" src=\"http:\/\/www.not-tarnow.pl\/wp-content\/uploads\/2021\/06\/Dni-Techniki-ZST-2021-mniejszy-768x1086-724x1024.jpg\" alt=\"\" width=\"302\" height=\"427\" srcset=\"https:\/\/www.not-tarnow.pl\/wp-content\/uploads\/2021\/06\/Dni-Techniki-ZST-2021-mniejszy-768x1086-724x1024.jpg 724w, https:\/\/www.not-tarnow.pl\/wp-content\/uploads\/2021\/06\/Dni-Techniki-ZST-2021-mniejszy-768x1086-212x300.jpg 212w, https:\/\/www.not-tarnow.pl\/wp-content\/uploads\/2021\/06\/Dni-Techniki-ZST-2021-mniejszy-768x1086.jpg 768w\" sizes=\"(max-width: 302px) 100vw, 302px\" \/><strong>Dni Techniki w ZST<\/strong> odby\u0142y si\u0119 w dniach 1-2 czerwca 2021 r. Towarzyszy\u0142o mu motto \u201e<em>Od technika do in\u017cyniera<\/em>\u201d. Uczestnicy mieli okazj\u0119 wys\u0142ucha\u0107 wyk\u0142ad\u00f3w zaproszonych go\u015bci z PWSZ w Tarnowie oraz znanych firm z bran\u017cy elektrycznej, elektronicznej i informatycznej.W\u015br\u00f3d zaproszonych go\u015bci znale\u017ali si\u0119 przedstawiciele NOT Tarn\u00f3w, a zarazem stowarzysze\u0144 naukowo-technicznych: prezes Renata \u0141ab\u0119d\u017a, wiceprezes \u00a0Antoni Maziarka, Zbigniew Paprocki oraz Stanis\u0142aw Oczkowicz.<img decoding=\"async\" loading=\"lazy\" class=\"aligncenter wp-image-2579\" src=\"http:\/\/www.not-tarnow.pl\/wp-content\/uploads\/2021\/06\/IMG_0155-33.jpg\" alt=\"\" width=\"465\" height=\"310\" srcset=\"https:\/\/www.not-tarnow.pl\/wp-content\/uploads\/2021\/06\/IMG_0155-33.jpg 1772w, https:\/\/www.not-tarnow.pl\/wp-content\/uploads\/2021\/06\/IMG_0155-33-300x200.jpg 300w, https:\/\/www.not-tarnow.pl\/wp-content\/uploads\/2021\/06\/IMG_0155-33-768x512.jpg 768w, https:\/\/www.not-tarnow.pl\/wp-content\/uploads\/2021\/06\/IMG_0155-33-1024x682.jpg 1024w\" sizes=\"(max-width: 465px) 100vw, 465px\" \/>&nbsp;<\/p>\n","protected":false},"excerpt":{"rendered":"<p>Dni Techniki w ZST odby\u0142y si\u0119 w dniach 1-2 czerwca 2021 r. Towarzyszy\u0142o mu motto \u201eOd technika do in\u017cyniera\u201d. Uczestnicy<\/p>\n","protected":false},"author":1,"featured_media":0,"comment_status":"closed","ping_status":"closed","sticky":false,"template":"","format":"standard","meta":{"footnotes":""},"categories":[12],"tags":[],"_links":{"self":[{"href":"https:\/\/www.not-tarnow.pl\/index.php\/wp-json\/wp\/v2\/posts\/2800"}],"collection":[{"href":"https:\/\/www.not-tarnow.pl\/index.php\/wp-json\/wp\/v2\/posts"}],"about":[{"href":"https:\/\/www.not-tarnow.pl\/index.php\/wp-json\/wp\/v2\/types\/post"}],"author":[{"embeddable":true,"href":"https:\/\/www.not-tarnow.pl\/index.php\/wp-json\/wp\/v2\/users\/1"}],"replies":[{"embeddable":true,"href":"https:\/\/www.not-tarnow.pl\/index.php\/wp-json\/wp\/v2\/comments?post=2800"}],"version-history":[{"count":0,"href":"https:\/\/www.not-tarnow.pl\/index.php\/wp-json\/wp\/v2\/posts\/2800\/revisions"}],"wp:attachment":[{"href":"https:\/\/www.not-tarnow.pl\/index.php\/wp-json\/wp\/v2\/media?parent=2800"}],"wp:term":[{"taxonomy":"category","embeddable":true,"href":"https:\/\/www.not-tarnow.pl\/index.php\/wp-json\/wp\/v2\/categories?post=2800"},{"taxonomy":"post_tag","embeddable":true,"href":"https:\/\/www.not-tarnow.pl\/index.php\/wp-json\/wp\/v2\/tags?post=2800"}],"curies":[{"name":"wp","href":"https:\/\/api.w.org\/{rel}","templated":true}]}}