{"id":2801,"date":"2021-06-25T00:00:00","date_gmt":"2021-06-24T22:00:00","guid":{"rendered":"http:\/\/not-tarnow.pl\/index.php\/2021\/06\/list-intencyjny-z-fundacja-im-jana-szczepanika-w-tarnowie\/"},"modified":"2021-12-02T10:32:25","modified_gmt":"2021-12-02T09:32:25","slug":"list-intencyjny-z-fundacja-im-jana-szczepanika-w-tarnowie","status":"publish","type":"post","link":"https:\/\/www.not-tarnow.pl\/index.php\/2021\/06\/list-intencyjny-z-fundacja-im-jana-szczepanika-w-tarnowie\/","title":{"rendered":"List intencyjny z Fundacj\u0105 im. Jana Szczepanika w Tarnowie"},"content":{"rendered":"<p>W dniu <strong>25 maja 2021 roku w siedzibie Fundacji im. Jana Szczepanika<\/strong> w Zespole Szk\u00f3\u0142 Og\u00f3lnokszta\u0142c\u0105cych i Technicznych w Tarnowie <strong>zosta\u0142 podpisany list intencyjny<\/strong> pomi\u0119dzy Naczeln\u0105 Organizacj\u0105 Techniczn\u0105 FSNT Rada w Tarnowie a Fundacj\u0105 im. Jana Szczepanika w Tarnowie. Z ramienia NOT list podpisali: Renata \u0141ab\u0119d\u017a \u2013 Prezes Zarz\u0105du NOT, Les\u0142aw \u015awi\u0119tochowski \u2013 Sekretarz Zarz\u0105du NOT, a ze strony Fundacji im. Jana Szczepanika: S\u0142awomir Sus \u2013 Prezes Zarz\u0105du Fundacji, Stanis\u0142aw Wiatr \u2013 Przewodnicz\u0105cy Rady Fundacji, Magdalena Siedlik \u2013 Wiceprzewodnicz\u0105ca Rady Fundacji. Celem listu intencyjnego jest nawi\u0105zanie d\u0142ugoterminowej wzajemnej wsp\u00f3\u0142pracy.<img decoding=\"async\" loading=\"lazy\" class=\"aligncenter wp-image-2559\" src=\"http:\/\/www.not-tarnow.pl\/wp-content\/uploads\/2021\/05\/IMG_20210525_160743889_HDR-1024x766.jpg\" alt=\"\" width=\"549\" height=\"411\" srcset=\"https:\/\/www.not-tarnow.pl\/wp-content\/uploads\/2021\/05\/IMG_20210525_160743889_HDR-1024x766.jpg 1024w, https:\/\/www.not-tarnow.pl\/wp-content\/uploads\/2021\/05\/IMG_20210525_160743889_HDR-300x224.jpg 300w, https:\/\/www.not-tarnow.pl\/wp-content\/uploads\/2021\/05\/IMG_20210525_160743889_HDR-768x575.jpg 768w\" sizes=\"(max-width: 549px) 100vw, 549px\" \/> <img decoding=\"async\" loading=\"lazy\" class=\"aligncenter wp-image-2560\" src=\"http:\/\/www.not-tarnow.pl\/wp-content\/uploads\/2021\/05\/IMG_20210525_160936171-766x1024.jpg\" alt=\"\" width=\"449\" height=\"600\" srcset=\"https:\/\/www.not-tarnow.pl\/wp-content\/uploads\/2021\/05\/IMG_20210525_160936171-766x1024.jpg 766w, https:\/\/www.not-tarnow.pl\/wp-content\/uploads\/2021\/05\/IMG_20210525_160936171-224x300.jpg 224w, https:\/\/www.not-tarnow.pl\/wp-content\/uploads\/2021\/05\/IMG_20210525_160936171-768x1026.jpg 768w\" sizes=\"(max-width: 449px) 100vw, 449px\" \/> <img decoding=\"async\" loading=\"lazy\" class=\"aligncenter wp-image-2561\" src=\"http:\/\/www.not-tarnow.pl\/wp-content\/uploads\/2021\/05\/IMG_20210525_161206497_HDR-1024x766.jpg\" alt=\"\" width=\"449\" height=\"601\" \/><\/p>\n","protected":false},"excerpt":{"rendered":"<p>W dniu 25 maja 2021 roku w siedzibie Fundacji im. Jana Szczepanika w Zespole Szk\u00f3\u0142 Og\u00f3lnokszta\u0142c\u0105cych i Technicznych w Tarnowie<\/p>\n","protected":false},"author":1,"featured_media":0,"comment_status":"closed","ping_status":"closed","sticky":false,"template":"","format":"standard","meta":{"footnotes":""},"categories":[12,17],"tags":[],"_links":{"self":[{"href":"https:\/\/www.not-tarnow.pl\/index.php\/wp-json\/wp\/v2\/posts\/2801"}],"collection":[{"href":"https:\/\/www.not-tarnow.pl\/index.php\/wp-json\/wp\/v2\/posts"}],"about":[{"href":"https:\/\/www.not-tarnow.pl\/index.php\/wp-json\/wp\/v2\/types\/post"}],"author":[{"embeddable":true,"href":"https:\/\/www.not-tarnow.pl\/index.php\/wp-json\/wp\/v2\/users\/1"}],"replies":[{"embeddable":true,"href":"https:\/\/www.not-tarnow.pl\/index.php\/wp-json\/wp\/v2\/comments?post=2801"}],"version-history":[{"count":1,"href":"https:\/\/www.not-tarnow.pl\/index.php\/wp-json\/wp\/v2\/posts\/2801\/revisions"}],"predecessor-version":[{"id":3045,"href":"https:\/\/www.not-tarnow.pl\/index.php\/wp-json\/wp\/v2\/posts\/2801\/revisions\/3045"}],"wp:attachment":[{"href":"https:\/\/www.not-tarnow.pl\/index.php\/wp-json\/wp\/v2\/media?parent=2801"}],"wp:term":[{"taxonomy":"category","embeddable":true,"href":"https:\/\/www.not-tarnow.pl\/index.php\/wp-json\/wp\/v2\/categories?post=2801"},{"taxonomy":"post_tag","embeddable":true,"href":"https:\/\/www.not-tarnow.pl\/index.php\/wp-json\/wp\/v2\/tags?post=2801"}],"curies":[{"name":"wp","href":"https:\/\/api.w.org\/{rel}","templated":true}]}}