{"id":2804,"date":"2021-04-18T00:00:00","date_gmt":"2021-04-17T22:00:00","guid":{"rendered":"http:\/\/not-tarnow.pl\/index.php\/2021\/04\/95-rocznica-smierci-jana-szczepanika\/"},"modified":"2021-04-18T00:00:00","modified_gmt":"2021-04-17T22:00:00","slug":"95-rocznica-smierci-jana-szczepanika","status":"publish","type":"post","link":"https:\/\/www.not-tarnow.pl\/index.php\/2021\/04\/95-rocznica-smierci-jana-szczepanika\/","title":{"rendered":"95 rocznica \u015bmierci Jana Szczepanika"},"content":{"rendered":"<\/header>\n<header><\/header>\n<header><img decoding=\"async\" loading=\"lazy\" class=\"wp-image-2544 alignleft\" src=\"http:\/\/www.not-tarnow.pl\/wp-content\/uploads\/2021\/04\/20210418_185910-1024x768.jpg\" alt=\"\" width=\"382\" height=\"509\" \/>18 kwietnia 2021 roku przypada <strong>95 rocznica \u015bmierci Jana Szczepanika<\/strong> &#8211; genialnego wynalazcy, kt\u00f3ry od 1902 r. mieszka\u0142 w Tarnowie, a w 1926 roku zmar\u0142 i zosta\u0142 pochowany na Starym Cmentarzu w\u00a0grobowcu rodziny Dzikowskich.<\/header>\n<header>Z tej okazji Prezes NOT Tarn\u00f3w Renata \u0141ab\u0119d\u017a z\u0142o\u017cy\u0142a kwiaty i zapali\u0142a znicz przy Jego grobie.<\/header>\n<header>\n","protected":false},"excerpt":{"rendered":"<p>18 kwietnia 2021 roku przypada 95 rocznica \u015bmierci Jana Szczepanika &#8211; genialnego wynalazcy, kt\u00f3ry od 1902 r. mieszka\u0142 w Tarnowie,<\/p>\n","protected":false},"author":1,"featured_media":0,"comment_status":"closed","ping_status":"closed","sticky":false,"template":"","format":"standard","meta":{"footnotes":""},"categories":[12],"tags":[],"_links":{"self":[{"href":"https:\/\/www.not-tarnow.pl\/index.php\/wp-json\/wp\/v2\/posts\/2804"}],"collection":[{"href":"https:\/\/www.not-tarnow.pl\/index.php\/wp-json\/wp\/v2\/posts"}],"about":[{"href":"https:\/\/www.not-tarnow.pl\/index.php\/wp-json\/wp\/v2\/types\/post"}],"author":[{"embeddable":true,"href":"https:\/\/www.not-tarnow.pl\/index.php\/wp-json\/wp\/v2\/users\/1"}],"replies":[{"embeddable":true,"href":"https:\/\/www.not-tarnow.pl\/index.php\/wp-json\/wp\/v2\/comments?post=2804"}],"version-history":[{"count":0,"href":"https:\/\/www.not-tarnow.pl\/index.php\/wp-json\/wp\/v2\/posts\/2804\/revisions"}],"wp:attachment":[{"href":"https:\/\/www.not-tarnow.pl\/index.php\/wp-json\/wp\/v2\/media?parent=2804"}],"wp:term":[{"taxonomy":"category","embeddable":true,"href":"https:\/\/www.not-tarnow.pl\/index.php\/wp-json\/wp\/v2\/categories?post=2804"},{"taxonomy":"post_tag","embeddable":true,"href":"https:\/\/www.not-tarnow.pl\/index.php\/wp-json\/wp\/v2\/tags?post=2804"}],"curies":[{"name":"wp","href":"https:\/\/api.w.org\/{rel}","templated":true}]}}