{"id":2807,"date":"2021-03-26T00:00:00","date_gmt":"2021-03-25T23:00:00","guid":{"rendered":"http:\/\/not-tarnow.pl\/index.php\/2021\/03\/wystawa-o-janie-szczepaniku\/"},"modified":"2021-03-26T00:00:00","modified_gmt":"2021-03-25T23:00:00","slug":"wystawa-o-janie-szczepaniku","status":"publish","type":"post","link":"https:\/\/www.not-tarnow.pl\/index.php\/2021\/03\/wystawa-o-janie-szczepaniku\/","title":{"rendered":"Wystawa o Janie Szczepaniku"},"content":{"rendered":"<\/header>\n<header class=\"entry-header\"><img decoding=\"async\" loading=\"lazy\" class=\"wp-image-2475 alignleft\" src=\"http:\/\/www.not-tarnow.pl\/wp-content\/uploads\/2021\/03\/PLAKAT-1-JAN-SZCZEPANIK--683x1024.jpg\" alt=\"\" width=\"350\" height=\"525\" srcset=\"https:\/\/www.not-tarnow.pl\/wp-content\/uploads\/2021\/03\/PLAKAT-1-JAN-SZCZEPANIK--683x1024.jpg 683w, https:\/\/www.not-tarnow.pl\/wp-content\/uploads\/2021\/03\/PLAKAT-1-JAN-SZCZEPANIK--200x300.jpg 200w, https:\/\/www.not-tarnow.pl\/wp-content\/uploads\/2021\/03\/PLAKAT-1-JAN-SZCZEPANIK--768x1152.jpg 768w, https:\/\/www.not-tarnow.pl\/wp-content\/uploads\/2021\/03\/PLAKAT-1-JAN-SZCZEPANIK-.jpg 2048w\" sizes=\"(max-width: 350px) 100vw, 350px\" \/><\/header>\n<header><\/header>\n<header class=\"entry-header\"><strong>Wystawa o Janie Szczepaniku <\/strong><\/header>\n<header><\/header>\n<header><\/header>\n<header class=\"entry-header\">W 2021 roku mija <strong>95 rocznica \u015bmierci Jana Szczepanika<\/strong> (1872 \u2013 1926) wielkiego, genialnego wynalazcy, tak mocno zwi\u0105zanego z Tarnowem. A ju\u017c niebawem w roku 2022 przypada 150 rocznica urodzin nazywanego przez wsp\u00f3\u0142czesnych <strong>Edisonem P\u00f3\u0142nocy<\/strong> czy <strong>da Vinci z Galicji<\/strong>.Dlatego te\u017c chc\u0105c uczci\u0107 te wydarzenia i odda\u0107 ho\u0142d Janowi Szczepanikowi Zarz\u0105d NOT w Tarnowie przygotowa\u0142 Wystaw\u0119 Fotograficzn\u0105 po\u015bwi\u0119con\u0105 osobie, \u017cyciu i osi\u0105gni\u0119ciom Jana Szczepanika. Mo\u017cemy j\u0105 zobaczy\u0107 na II pi\u0119trze Domu Technika NOT w Tarnowie, Rynek 10 oraz na naszej stronie internetowej.<\/header>\n<header><\/header>\n<header><\/header>\n<header class=\"entry-header\"><a href=\"http:\/\/www.not-tarnow.pl\/index.php\/wystawa-o-janie-szczepaniku\/\"><em>Wystawa &gt;&gt;<\/em><\/a><\/header>\n<header><\/header>\n<header class=\"entry-header\">\n","protected":false},"excerpt":{"rendered":"<p>Wystawa o Janie Szczepaniku W 2021 roku mija 95 rocznica \u015bmierci Jana Szczepanika (1872 \u2013 1926) wielkiego, genialnego wynalazcy, tak<\/p>\n","protected":false},"author":1,"featured_media":0,"comment_status":"closed","ping_status":"closed","sticky":false,"template":"","format":"standard","meta":{"footnotes":""},"categories":[12],"tags":[],"_links":{"self":[{"href":"https:\/\/www.not-tarnow.pl\/index.php\/wp-json\/wp\/v2\/posts\/2807"}],"collection":[{"href":"https:\/\/www.not-tarnow.pl\/index.php\/wp-json\/wp\/v2\/posts"}],"about":[{"href":"https:\/\/www.not-tarnow.pl\/index.php\/wp-json\/wp\/v2\/types\/post"}],"author":[{"embeddable":true,"href":"https:\/\/www.not-tarnow.pl\/index.php\/wp-json\/wp\/v2\/users\/1"}],"replies":[{"embeddable":true,"href":"https:\/\/www.not-tarnow.pl\/index.php\/wp-json\/wp\/v2\/comments?post=2807"}],"version-history":[{"count":0,"href":"https:\/\/www.not-tarnow.pl\/index.php\/wp-json\/wp\/v2\/posts\/2807\/revisions"}],"wp:attachment":[{"href":"https:\/\/www.not-tarnow.pl\/index.php\/wp-json\/wp\/v2\/media?parent=2807"}],"wp:term":[{"taxonomy":"category","embeddable":true,"href":"https:\/\/www.not-tarnow.pl\/index.php\/wp-json\/wp\/v2\/categories?post=2807"},{"taxonomy":"post_tag","embeddable":true,"href":"https:\/\/www.not-tarnow.pl\/index.php\/wp-json\/wp\/v2\/tags?post=2807"}],"curies":[{"name":"wp","href":"https:\/\/api.w.org\/{rel}","templated":true}]}}