{"id":3119,"date":"2021-12-01T15:04:59","date_gmt":"2021-12-01T14:04:59","guid":{"rendered":"http:\/\/www.not-tarnow.pl\/?p=3119"},"modified":"2021-12-20T15:07:46","modified_gmt":"2021-12-20T14:07:46","slug":"tarnow-przygotowuje-sie-do-obchodow-150-lecia-rocznicy-urodzin-jana-szczepanika","status":"publish","type":"post","link":"https:\/\/www.not-tarnow.pl\/index.php\/2021\/12\/tarnow-przygotowuje-sie-do-obchodow-150-lecia-rocznicy-urodzin-jana-szczepanika\/","title":{"rendered":"Tarn\u00f3w przygotowuje si\u0119 do obchod\u00f3w 150-lecia rocznicy urodzin Jana Szczepanika"},"content":{"rendered":"<p><img decoding=\"async\" loading=\"lazy\" class=\"aligncenter size-full wp-image-3120\" src=\"http:\/\/www.not-tarnow.pl\/wp-content\/uploads\/2021\/12\/js.jpg\" alt=\"\" width=\"852\" height=\"568\" srcset=\"https:\/\/www.not-tarnow.pl\/wp-content\/uploads\/2021\/12\/js.jpg 852w, https:\/\/www.not-tarnow.pl\/wp-content\/uploads\/2021\/12\/js-300x200.jpg 300w, https:\/\/www.not-tarnow.pl\/wp-content\/uploads\/2021\/12\/js-768x512.jpg 768w\" sizes=\"(max-width: 852px) 100vw, 852px\" \/><\/p>\n<p>Rok 2022 w Tarnowie zosta\u0142 niedawno ustanowiony rokiem Jana Szczepanika. W przysz\u0142ym roku w mie\u015bcie zaplanowano wiele imprez w zwi\u0105zku ze 150-rocznic\u0105 urodzin &#8222;polskiego Edisona&#8221;. G\u0142\u00f3wne uroczysto\u015bci maj\u0105 odby\u0107 si\u0119 w czerwcu.<\/p>\n<p>Jan Szczepanik swoje m\u0142odzie\u0144cze lata sp\u0119dzi\u0142 w Kro\u015bnie, ale od 1902 roku zwi\u0105zany jest z Tarnowem. W mie\u015bcie pod G\u00f3r\u0105 \u015bw. Marcina po\u015blubi\u0142 Wand\u0119 Dzikowsk\u0105, c\u00f3rk\u0119 miejscowego lekarza. W Tarnowie znajdowa\u0142y si\u0119 r\u00f3wnie\u017c jego pracownie, w kt\u00f3rych tworzy\u0142 swoje wynalazki.<\/p>\n<p>Tarnowscy radni ustanowili 2022 rok w mie\u015bcie, rokiem Jana Szczepanika. B\u0119dzie wtedy obchodzona 150 rocznica urodzin wybitnego mieszka\u0144ca Tarnowa. W ich organizacj\u0119 anga\u017cuj\u0105 si\u0119 w\u0142adze samorz\u0105dowe, szko\u0142y i r\u00f3\u017cne organizacje z Tarnowa oraz Krosna.<\/p>\n<p>&#8211; G\u0142\u00f3wne obchody Roku Szczepanika obchodzi\u0107 b\u0119dziemy w Tarnowie w czerwcu. W ka\u017cdym miesi\u0105cu chcemy jednak zorganizowa\u0107 w naszym mie\u015bcie jakie\u015b wydarzenie, zwi\u0105zane z postaci\u0105 \u201epolskiego Edisona\u201d. Podobnie, jak w Kro\u015bnie planujemy r\u00f3wnie\u017c postawi\u0107 \u0142aweczk\u0119 Jana Szczepanika oraz wykona\u0107 mural przedstawiaj\u0105cy jego posta\u0107. Wydana zostanie tak\u017ce publikacja po\u015bwi\u0119cona wynalazcy, ukierunkowana g\u0142\u00f3wnie na jego mniej znane odkrycia &#8211; m\u00f3wi Renata \u0141ab\u0119d\u017a, prezes zarz\u0105du Naczelnej Organizacji Technicznej &#8211; Rada w Tarnowie.<\/p>\n<p>G\u0142\u00f3wne wydarzenia zwi\u0105zane z Rokiem Jana Szczepanika rozpoczn\u0105 si\u0119 w niedziel\u0119 12 czerwca. W Tarnowie planowany jest wtedy plenerowy koncert zespo\u0142u Pectus, kt\u00f3ry tworz\u0105&#8230; bracia Szczepanikowie z podtarnowskich Bogoniowic.<\/p>\n<p>Nast\u0119pnego dnia w Sali Koncertowej odb\u0119dzie si\u0119 jubileuszowa gala, podczas kt\u00f3rej nast\u0105pi wr\u0119czenie fundowanych przez Izb\u0119 Przemys\u0142owo-Handlow\u0105 nagr\u00f3d Jana Szczepanik oraz medali Jana Szczepanika przyznawanych przez Stowarzyszenie Elektryk\u00f3w Polskich. Wst\u0119pem do gali b\u0119dzie powitanie Jana Szczepanika w Tarnowie, w trakcie kt\u00f3rego zaplanowany jest m.in. jego przejazd przez Tarn\u00f3w, zdj\u0119cie z drona na tarnowskim Rynku oraz z\u0142o\u017cenie kwiat\u00f3w pod pomnikiem wynalazcy. Imprezie towarzyszy\u0107 ma kiermasz fotograficzny.<\/p>\n<p>&nbsp;<\/p>\n<p><em>\u017ar\u00f3d\u0142o: <a href=\"https:\/\/tarnow.naszemiasto.pl\/\">tarnow.naszemiasto.pl<\/a> <\/em><\/p>\n","protected":false},"excerpt":{"rendered":"<p>Rok 2022 w Tarnowie zosta\u0142 niedawno ustanowiony rokiem Jana Szczepanika. W przysz\u0142ym roku w mie\u015bcie zaplanowano wiele imprez w zwi\u0105zku<\/p>\n","protected":false},"author":1,"featured_media":0,"comment_status":"closed","ping_status":"open","sticky":false,"template":"","format":"standard","meta":{"footnotes":""},"categories":[12,17],"tags":[],"_links":{"self":[{"href":"https:\/\/www.not-tarnow.pl\/index.php\/wp-json\/wp\/v2\/posts\/3119"}],"collection":[{"href":"https:\/\/www.not-tarnow.pl\/index.php\/wp-json\/wp\/v2\/posts"}],"about":[{"href":"https:\/\/www.not-tarnow.pl\/index.php\/wp-json\/wp\/v2\/types\/post"}],"author":[{"embeddable":true,"href":"https:\/\/www.not-tarnow.pl\/index.php\/wp-json\/wp\/v2\/users\/1"}],"replies":[{"embeddable":true,"href":"https:\/\/www.not-tarnow.pl\/index.php\/wp-json\/wp\/v2\/comments?post=3119"}],"version-history":[{"count":1,"href":"https:\/\/www.not-tarnow.pl\/index.php\/wp-json\/wp\/v2\/posts\/3119\/revisions"}],"predecessor-version":[{"id":3121,"href":"https:\/\/www.not-tarnow.pl\/index.php\/wp-json\/wp\/v2\/posts\/3119\/revisions\/3121"}],"wp:attachment":[{"href":"https:\/\/www.not-tarnow.pl\/index.php\/wp-json\/wp\/v2\/media?parent=3119"}],"wp:term":[{"taxonomy":"category","embeddable":true,"href":"https:\/\/www.not-tarnow.pl\/index.php\/wp-json\/wp\/v2\/categories?post=3119"},{"taxonomy":"post_tag","embeddable":true,"href":"https:\/\/www.not-tarnow.pl\/index.php\/wp-json\/wp\/v2\/tags?post=3119"}],"curies":[{"name":"wp","href":"https:\/\/api.w.org\/{rel}","templated":true}]}}