{"id":3136,"date":"2022-01-05T14:28:48","date_gmt":"2022-01-05T13:28:48","guid":{"rendered":"http:\/\/www.not-tarnow.pl\/?p=3136"},"modified":"2022-01-11T14:06:22","modified_gmt":"2022-01-11T13:06:22","slug":"48-olimpiady-wiedzy-technicznej-zawody-okregowe","status":"publish","type":"post","link":"https:\/\/www.not-tarnow.pl\/index.php\/2022\/01\/48-olimpiady-wiedzy-technicznej-zawody-okregowe\/","title":{"rendered":"48 Olimpiady Wiedzy Technicznej \u2013 zawody okr\u0119gowe"},"content":{"rendered":"<p><strong>4 stycznia 2022 r.<\/strong>\u00a0odby\u0142y si\u0119<strong> zawody okr\u0119gowe 48 Olimpiady Wiedzy Technicznej<\/strong>. W okr\u0119gu tarnowskim zawody odby\u0142y si\u0119 tradycyjnie w Zespole Szk\u00f3\u0142 Technicznych im. I. Mo\u015bcickiego w Tarnowie. Na otwarcie zawod\u00f3w Dyrektor ZST w Tarnowie p. Jacek R\u00f3\u017cycki oraz cz\u0142onek Komitetu Okr\u0119gowego p. Barbara Pajdo wyg\u0142osili mow\u0119 powitaln\u0105 do uczestnik\u00f3w. Na sali opr\u00f3cz uczestnik\u00f3w obecni byli r\u00f3wnie\u017c cz\u0142onkowie tarnowskiego Komitetu Okr\u0119gowego: Przewodnicz\u0105cy p. Renata \u0141ab\u0119d\u017a i Sekretarz p. Iwona Sztorc, opiekunowie uczestnik\u00f3w: p. Andrzej Ko\u015bci\u00f3\u0142ek i p. J\u00f3zef Pomiet\u0142o (ZSEM Nowy Sacz), p. Marek Pasula (ZS nr 1 w Bochni) i p. Jakub Winiarski (ZSTiP w Nowym Targu) oraz p. Zygmunt N\u0119dza z ZST w Tarnowie.<\/p>\n<p>W okr\u0119gu tarnowskim do zawod\u00f3w II stopnia zakwalifikowa\u0142o si\u0119 46 uczni\u00f3w z 3 szk\u00f3\u0142:<\/p>\n<ol>\n<li>Zesp\u00f3\u0142 Szk\u00f3\u0142 Elektryczno-Mechanicznych w Nowym S\u0105czu (41 uczni\u00f3w),<\/li>\n<li>Zesp\u00f3\u0142 Szk\u00f3\u0142 nr 1 im. St. Staszica w Bochni (4 uczni\u00f3w),<\/li>\n<li>Zesp\u00f3\u0142 Szk\u00f3\u0142 Technicznych i Plac\u00f3wek im. St. Staszica w Nowym Targu (1 ucze\u0144).<\/li>\n<\/ol>\n<p>Do zawod\u00f3w przyst\u0105pi\u0142o 27 uczni\u00f3w. Wszyscy uczniowie startowali w grupie elektryczno-elektronicznej.<\/p>\n<p>Jest to drugi etap tej olimpiady, z kt\u00f3rego zostanie wy\u0142oniona \u015bcis\u0142a czo\u0142\u00f3wka krajowych\u00a0 GIGANT\u00d3W TECHNIKI,\u00a0kt\u00f3rzy zakwalifikuj\u0105 si\u0119 do \u015bcis\u0142ego fina\u0142u. III etap zawod\u00f3w zaplanowany jest na 2 kwietnia 2022 roku.<\/p>\n<p>Uczestnikom \u017cyczymy satysfakcjonuj\u0105cych wynik\u00f3w w eliminacjach, a najlepszym \u2013 udzia\u0142u i sukces\u00f3w w zawodach fina\u0142owych w Warszawie.<\/p>\n<p><em>Ma\u0142opolski Komitet Okr\u0119gowy OWT w Tarnowie<\/em><\/p>\n<p><img decoding=\"async\" loading=\"lazy\" class=\"aligncenter size-large wp-image-3140\" src=\"http:\/\/www.not-tarnow.pl\/wp-content\/uploads\/2022\/01\/2-1-1024x683.jpg\" alt=\"\" width=\"800\" height=\"534\" srcset=\"https:\/\/www.not-tarnow.pl\/wp-content\/uploads\/2022\/01\/2-1-1024x683.jpg 1024w, https:\/\/www.not-tarnow.pl\/wp-content\/uploads\/2022\/01\/2-1-300x200.jpg 300w, https:\/\/www.not-tarnow.pl\/wp-content\/uploads\/2022\/01\/2-1-768x512.jpg 768w, https:\/\/www.not-tarnow.pl\/wp-content\/uploads\/2022\/01\/2-1-1536x1024.jpg 1536w, https:\/\/www.not-tarnow.pl\/wp-content\/uploads\/2022\/01\/2-1.jpg 1800w\" sizes=\"(max-width: 800px) 100vw, 800px\" \/><\/p>\n<p><img decoding=\"async\" loading=\"lazy\" class=\"aligncenter size-large wp-image-3137\" src=\"http:\/\/www.not-tarnow.pl\/wp-content\/uploads\/2022\/01\/20220104_101416-1024x576.jpg\" alt=\"\" width=\"800\" height=\"450\" srcset=\"https:\/\/www.not-tarnow.pl\/wp-content\/uploads\/2022\/01\/20220104_101416-1024x576.jpg 1024w, https:\/\/www.not-tarnow.pl\/wp-content\/uploads\/2022\/01\/20220104_101416-300x169.jpg 300w, https:\/\/www.not-tarnow.pl\/wp-content\/uploads\/2022\/01\/20220104_101416-768x432.jpg 768w, https:\/\/www.not-tarnow.pl\/wp-content\/uploads\/2022\/01\/20220104_101416-1536x864.jpg 1536w, https:\/\/www.not-tarnow.pl\/wp-content\/uploads\/2022\/01\/20220104_101416-2048x1152.jpg 2048w\" sizes=\"(max-width: 800px) 100vw, 800px\" \/><\/p>\n<p><em>wi\u0119cej zdj\u0119\u0107:<\/em> <a href=\"https:\/\/zst-tarnow.pl\/48-olimpiada-wiedzy-technicznej-2\/\">https:\/\/zst-tarnow.pl\/48-olimpiada-wiedzy-technicznej-2\/<\/a><\/p>\n","protected":false},"excerpt":{"rendered":"<p>4 stycznia 2022 r.\u00a0odby\u0142y si\u0119 zawody okr\u0119gowe 48 Olimpiady Wiedzy Technicznej. W okr\u0119gu tarnowskim zawody odby\u0142y si\u0119 tradycyjnie w Zespole<\/p>\n","protected":false},"author":1,"featured_media":0,"comment_status":"closed","ping_status":"open","sticky":false,"template":"","format":"standard","meta":{"footnotes":""},"categories":[12,13],"tags":[],"_links":{"self":[{"href":"https:\/\/www.not-tarnow.pl\/index.php\/wp-json\/wp\/v2\/posts\/3136"}],"collection":[{"href":"https:\/\/www.not-tarnow.pl\/index.php\/wp-json\/wp\/v2\/posts"}],"about":[{"href":"https:\/\/www.not-tarnow.pl\/index.php\/wp-json\/wp\/v2\/types\/post"}],"author":[{"embeddable":true,"href":"https:\/\/www.not-tarnow.pl\/index.php\/wp-json\/wp\/v2\/users\/1"}],"replies":[{"embeddable":true,"href":"https:\/\/www.not-tarnow.pl\/index.php\/wp-json\/wp\/v2\/comments?post=3136"}],"version-history":[{"count":3,"href":"https:\/\/www.not-tarnow.pl\/index.php\/wp-json\/wp\/v2\/posts\/3136\/revisions"}],"predecessor-version":[{"id":3142,"href":"https:\/\/www.not-tarnow.pl\/index.php\/wp-json\/wp\/v2\/posts\/3136\/revisions\/3142"}],"wp:attachment":[{"href":"https:\/\/www.not-tarnow.pl\/index.php\/wp-json\/wp\/v2\/media?parent=3136"}],"wp:term":[{"taxonomy":"category","embeddable":true,"href":"https:\/\/www.not-tarnow.pl\/index.php\/wp-json\/wp\/v2\/categories?post=3136"},{"taxonomy":"post_tag","embeddable":true,"href":"https:\/\/www.not-tarnow.pl\/index.php\/wp-json\/wp\/v2\/tags?post=3136"}],"curies":[{"name":"wp","href":"https:\/\/api.w.org\/{rel}","templated":true}]}}