{"id":3144,"date":"2022-01-25T11:45:24","date_gmt":"2022-01-25T10:45:24","guid":{"rendered":"http:\/\/www.not-tarnow.pl\/?p=3144"},"modified":"2022-02-02T15:03:24","modified_gmt":"2022-02-02T14:03:24","slug":"zebranie-zarzadu-not-tarnow-17","status":"publish","type":"post","link":"https:\/\/www.not-tarnow.pl\/index.php\/2022\/01\/zebranie-zarzadu-not-tarnow-17\/","title":{"rendered":"Zebranie Zarz\u0105du NOT Tarn\u00f3w"},"content":{"rendered":"<p><img decoding=\"async\" loading=\"lazy\" class=\"wp-image-2726 alignleft\" src=\"http:\/\/www.not-tarnow.pl\/wp-content\/uploads\/2013\/01\/cropped-not_logo_gif-300x300.gif\" alt=\"\" width=\"75\" height=\"75\" srcset=\"https:\/\/www.not-tarnow.pl\/wp-content\/uploads\/2013\/01\/cropped-not_logo_gif-300x300.gif 300w, https:\/\/www.not-tarnow.pl\/wp-content\/uploads\/2013\/01\/cropped-not_logo_gif-150x150.gif 150w, https:\/\/www.not-tarnow.pl\/wp-content\/uploads\/2013\/01\/cropped-not_logo_gif-270x270.gif 270w, https:\/\/www.not-tarnow.pl\/wp-content\/uploads\/2013\/01\/cropped-not_logo_gif-192x192.gif 192w, https:\/\/www.not-tarnow.pl\/wp-content\/uploads\/2013\/01\/cropped-not_logo_gif-180x180.gif 180w, https:\/\/www.not-tarnow.pl\/wp-content\/uploads\/2013\/01\/cropped-not_logo_gif-32x32.gif 32w\" sizes=\"(max-width: 75px) 100vw, 75px\" \/>Dnia 26 stycznia 2022 r. o godz. 17.00 odb\u0119dzie si\u0119 Zebranie Zarz\u0105du NOT FSNT Rada w Tarnowie.<\/p>\n","protected":false},"excerpt":{"rendered":"<p>Dnia 26 stycznia 2022 r. o godz. 17.00 odb\u0119dzie si\u0119 Zebranie Zarz\u0105du NOT FSNT Rada w Tarnowie.<\/p>\n","protected":false},"author":1,"featured_media":0,"comment_status":"closed","ping_status":"open","sticky":false,"template":"","format":"standard","meta":{"footnotes":""},"categories":[12],"tags":[],"_links":{"self":[{"href":"https:\/\/www.not-tarnow.pl\/index.php\/wp-json\/wp\/v2\/posts\/3144"}],"collection":[{"href":"https:\/\/www.not-tarnow.pl\/index.php\/wp-json\/wp\/v2\/posts"}],"about":[{"href":"https:\/\/www.not-tarnow.pl\/index.php\/wp-json\/wp\/v2\/types\/post"}],"author":[{"embeddable":true,"href":"https:\/\/www.not-tarnow.pl\/index.php\/wp-json\/wp\/v2\/users\/1"}],"replies":[{"embeddable":true,"href":"https:\/\/www.not-tarnow.pl\/index.php\/wp-json\/wp\/v2\/comments?post=3144"}],"version-history":[{"count":3,"href":"https:\/\/www.not-tarnow.pl\/index.php\/wp-json\/wp\/v2\/posts\/3144\/revisions"}],"predecessor-version":[{"id":3163,"href":"https:\/\/www.not-tarnow.pl\/index.php\/wp-json\/wp\/v2\/posts\/3144\/revisions\/3163"}],"wp:attachment":[{"href":"https:\/\/www.not-tarnow.pl\/index.php\/wp-json\/wp\/v2\/media?parent=3144"}],"wp:term":[{"taxonomy":"category","embeddable":true,"href":"https:\/\/www.not-tarnow.pl\/index.php\/wp-json\/wp\/v2\/categories?post=3144"},{"taxonomy":"post_tag","embeddable":true,"href":"https:\/\/www.not-tarnow.pl\/index.php\/wp-json\/wp\/v2\/tags?post=3144"}],"curies":[{"name":"wp","href":"https:\/\/api.w.org\/{rel}","templated":true}]}}