{"id":3147,"date":"2022-01-26T11:54:11","date_gmt":"2022-01-26T10:54:11","guid":{"rendered":"http:\/\/www.not-tarnow.pl\/?p=3147"},"modified":"2022-01-26T16:38:33","modified_gmt":"2022-01-26T15:38:33","slug":"konkurs-z-okazji-dnia-bezpiecznego-internetu","status":"publish","type":"post","link":"https:\/\/www.not-tarnow.pl\/index.php\/2022\/01\/konkurs-z-okazji-dnia-bezpiecznego-internetu\/","title":{"rendered":"Konkurs z okazji Dnia Bezpiecznego Internetu"},"content":{"rendered":"<p><img decoding=\"async\" loading=\"lazy\" class=\"aligncenter size-large wp-image-3148\" src=\"http:\/\/www.not-tarnow.pl\/wp-content\/uploads\/2022\/01\/Konkurs_Bezpiecznie_w_wirtualnym_wiecie_Plakat-724x1024.jpg\" alt=\"\" width=\"724\" height=\"1024\" srcset=\"https:\/\/www.not-tarnow.pl\/wp-content\/uploads\/2022\/01\/Konkurs_Bezpiecznie_w_wirtualnym_wiecie_Plakat-724x1024.jpg 724w, https:\/\/www.not-tarnow.pl\/wp-content\/uploads\/2022\/01\/Konkurs_Bezpiecznie_w_wirtualnym_wiecie_Plakat-212x300.jpg 212w, https:\/\/www.not-tarnow.pl\/wp-content\/uploads\/2022\/01\/Konkurs_Bezpiecznie_w_wirtualnym_wiecie_Plakat-768x1086.jpg 768w, https:\/\/www.not-tarnow.pl\/wp-content\/uploads\/2022\/01\/Konkurs_Bezpiecznie_w_wirtualnym_wiecie_Plakat-1086x1536.jpg 1086w, https:\/\/www.not-tarnow.pl\/wp-content\/uploads\/2022\/01\/Konkurs_Bezpiecznie_w_wirtualnym_wiecie_Plakat-1448x2048.jpg 1448w, https:\/\/www.not-tarnow.pl\/wp-content\/uploads\/2022\/01\/Konkurs_Bezpiecznie_w_wirtualnym_wiecie_Plakat.jpg 1587w\" sizes=\"(max-width: 724px) 100vw, 724px\" \/><\/p>\n<p>Biblioteka Pedagogiczna w Tarnowie zaprasza uczni\u00f3w szk\u00f3\u0142 podstawowych z terenu subregionu tarnowskiego (Tarnowa oraz powiat\u00f3w: brzeskiego, d\u0105browskiego i tarnowskiego) do udzia\u0142u w <strong>Konkursie<\/strong>\u00a0<strong>\u201eBezpiecznie w wirtualnym \u015bwiecie\u201d, <\/strong>kt\u00f3ry organizujemy w ramach obchod\u00f3w Dnia Bezpiecznego Internetu. Zadaniem uczestnik\u00f3w jest wykonanie\u00a0<strong>dwustronnej zak\u0142adki do ksi\u0105\u017cki<\/strong>\u00a0(klasy 1-4) oraz\u00a0<strong>memu internetowego\u00a0<\/strong>(klasy 5-8) nawi\u0105zuj\u0105cych do has\u0142a konkursu.<\/p>\n<p>Prace konkursowe nale\u017cy dostarczy\u0107 do siedziby biblioteki do dnia<strong>\u00a021 lutego (poniedzia\u0142ek)<\/strong>\u00a0osobi\u015bcie lub poczt\u0105 tradycyjn\u0105 (zak\u0142adka do ksi\u0105\u017cki) lub przes\u0142a\u0107 na adres mailowy\u00a0<span id=\"cloak929ca43703cc7b77cae56e339d931c14\"><a href=\"mailto:konkurs-internet@bpt.edu.pl\">konkursinternet@bpt.edu.pl<\/a><\/span>\u00a0(mem internetowy).<\/p>\n<p>Og\u0142oszenie laureat\u00f3w oraz wr\u0119czenie nagr\u00f3d planujemy na dzie\u0144\u00a0<strong>28 lutego<\/strong>\u00a0<strong>(poniedzia\u0142ek).<\/strong><\/p>\n<p>Warunki udzia\u0142u w konkursie przedstawiamy w <a href=\"https:\/\/bpt.edu.pl\/attachments\/article\/599\/konkurs%20bezpicznie%20w%20wirtulnym%20%C5%9Bwiecie%202022%20regulamin.pdf\">regulaminie<\/a>.<\/p>\n<p>W tym roku DBI przypada\u00a0<strong>8 lutego<\/strong>. \u015awi\u0119to jest okazj\u0105 do inicjowania i propagowania dzia\u0142a\u0144 na rzecz bezpiecznego dost\u0119pu dzieci i m\u0142odzie\u017cy do zasob\u00f3w internetowych, zapoznania rodzic\u00f3w, nauczycieli i wychowawc\u00f3w z problematyk\u0105 bezpiecze\u0144stwa online oraz promowania pozytywnego wykorzystywania Internetu.<\/p>\n<p>Szczeg\u00f3\u0142y: <a href=\"https:\/\/bpt.edu.pl\/index.php\/nasza-oferta\/konkursy\/599-konkurs-z-okazji-dnia-bezpiecznego-internetu\">Biblioteka Pedagogiczna w Tarnowie<\/a><\/p>\n","protected":false},"excerpt":{"rendered":"<p>Biblioteka Pedagogiczna w Tarnowie zaprasza uczni\u00f3w szk\u00f3\u0142 podstawowych z terenu subregionu tarnowskiego (Tarnowa oraz powiat\u00f3w: brzeskiego, d\u0105browskiego i tarnowskiego) do<\/p>\n","protected":false},"author":1,"featured_media":0,"comment_status":"closed","ping_status":"open","sticky":false,"template":"","format":"standard","meta":{"footnotes":""},"categories":[12,13],"tags":[],"_links":{"self":[{"href":"https:\/\/www.not-tarnow.pl\/index.php\/wp-json\/wp\/v2\/posts\/3147"}],"collection":[{"href":"https:\/\/www.not-tarnow.pl\/index.php\/wp-json\/wp\/v2\/posts"}],"about":[{"href":"https:\/\/www.not-tarnow.pl\/index.php\/wp-json\/wp\/v2\/types\/post"}],"author":[{"embeddable":true,"href":"https:\/\/www.not-tarnow.pl\/index.php\/wp-json\/wp\/v2\/users\/1"}],"replies":[{"embeddable":true,"href":"https:\/\/www.not-tarnow.pl\/index.php\/wp-json\/wp\/v2\/comments?post=3147"}],"version-history":[{"count":3,"href":"https:\/\/www.not-tarnow.pl\/index.php\/wp-json\/wp\/v2\/posts\/3147\/revisions"}],"predecessor-version":[{"id":3151,"href":"https:\/\/www.not-tarnow.pl\/index.php\/wp-json\/wp\/v2\/posts\/3147\/revisions\/3151"}],"wp:attachment":[{"href":"https:\/\/www.not-tarnow.pl\/index.php\/wp-json\/wp\/v2\/media?parent=3147"}],"wp:term":[{"taxonomy":"category","embeddable":true,"href":"https:\/\/www.not-tarnow.pl\/index.php\/wp-json\/wp\/v2\/categories?post=3147"},{"taxonomy":"post_tag","embeddable":true,"href":"https:\/\/www.not-tarnow.pl\/index.php\/wp-json\/wp\/v2\/tags?post=3147"}],"curies":[{"name":"wp","href":"https:\/\/api.w.org\/{rel}","templated":true}]}}