{"id":3152,"date":"2022-01-28T12:55:29","date_gmt":"2022-01-28T11:55:29","guid":{"rendered":"http:\/\/www.not-tarnow.pl\/?p=3152"},"modified":"2022-02-02T14:55:21","modified_gmt":"2022-02-02T13:55:21","slug":"apoteoza-inauguracja-roku-jana-szczepanika-w-tarnowie","status":"publish","type":"post","link":"https:\/\/www.not-tarnow.pl\/index.php\/2022\/01\/apoteoza-inauguracja-roku-jana-szczepanika-w-tarnowie\/","title":{"rendered":"Zapraszamy na Inauguracj\u0119 Roku Jana Szczepanika w Tarnowie"},"content":{"rendered":"<p><img decoding=\"async\" loading=\"lazy\" class=\"aligncenter size-full wp-image-3153\" src=\"http:\/\/www.not-tarnow.pl\/wp-content\/uploads\/2022\/01\/plakat.jpg\" alt=\"\" width=\"906\" height=\"646\" srcset=\"https:\/\/www.not-tarnow.pl\/wp-content\/uploads\/2022\/01\/plakat.jpg 906w, https:\/\/www.not-tarnow.pl\/wp-content\/uploads\/2022\/01\/plakat-300x214.jpg 300w, https:\/\/www.not-tarnow.pl\/wp-content\/uploads\/2022\/01\/plakat-768x548.jpg 768w\" sizes=\"(max-width: 906px) 100vw, 906px\" \/><\/p>\n<p><strong>Wystaw\u0105 \u201eAPOTEOZA, czyli w \u015bwiecie gobelin\u00f3w Jana Szczepanika\u201d zostanie oficjalnie zainaugurowany Rok Jana Szczepanika w Tarnowie.\u00a0<\/strong><\/p>\n<p>W najbli\u017cszy pi\u0105tek, 28 stycznia o godzinie 14.00, w Galerii Sztuki Dawnej w Ratuszu b\u0119dzie mo\u017cna obejrze\u0107 gobelin wykonany metod\u0105 opracowan\u0105 przez genialnego wynalazc\u0119. Wydarzenie odbywa si\u0119 w ramach cyklu Galeria Jednego Obiektu. Pe\u0142ny tytu\u0142 dzie\u0142a brzmi \u201eApoteoza 50-lecia panowania Cesarza Austro-W\u0119gier Franciszka J\u00f3zefa\u201d.<\/p>\n<p><em>Wst\u0119p wolny<\/em><\/p>\n","protected":false},"excerpt":{"rendered":"<p>Wystaw\u0105 \u201eAPOTEOZA, czyli w \u015bwiecie gobelin\u00f3w Jana Szczepanika\u201d zostanie oficjalnie zainaugurowany Rok Jana Szczepanika w Tarnowie.\u00a0 W najbli\u017cszy pi\u0105tek, 28<\/p>\n","protected":false},"author":1,"featured_media":0,"comment_status":"closed","ping_status":"open","sticky":false,"template":"","format":"standard","meta":{"footnotes":""},"categories":[12,17],"tags":[],"_links":{"self":[{"href":"https:\/\/www.not-tarnow.pl\/index.php\/wp-json\/wp\/v2\/posts\/3152"}],"collection":[{"href":"https:\/\/www.not-tarnow.pl\/index.php\/wp-json\/wp\/v2\/posts"}],"about":[{"href":"https:\/\/www.not-tarnow.pl\/index.php\/wp-json\/wp\/v2\/types\/post"}],"author":[{"embeddable":true,"href":"https:\/\/www.not-tarnow.pl\/index.php\/wp-json\/wp\/v2\/users\/1"}],"replies":[{"embeddable":true,"href":"https:\/\/www.not-tarnow.pl\/index.php\/wp-json\/wp\/v2\/comments?post=3152"}],"version-history":[{"count":5,"href":"https:\/\/www.not-tarnow.pl\/index.php\/wp-json\/wp\/v2\/posts\/3152\/revisions"}],"predecessor-version":[{"id":3159,"href":"https:\/\/www.not-tarnow.pl\/index.php\/wp-json\/wp\/v2\/posts\/3152\/revisions\/3159"}],"wp:attachment":[{"href":"https:\/\/www.not-tarnow.pl\/index.php\/wp-json\/wp\/v2\/media?parent=3152"}],"wp:term":[{"taxonomy":"category","embeddable":true,"href":"https:\/\/www.not-tarnow.pl\/index.php\/wp-json\/wp\/v2\/categories?post=3152"},{"taxonomy":"post_tag","embeddable":true,"href":"https:\/\/www.not-tarnow.pl\/index.php\/wp-json\/wp\/v2\/tags?post=3152"}],"curies":[{"name":"wp","href":"https:\/\/api.w.org\/{rel}","templated":true}]}}