{"id":3187,"date":"2022-02-18T12:41:19","date_gmt":"2022-02-18T11:41:19","guid":{"rendered":"http:\/\/www.not-tarnow.pl\/?p=3187"},"modified":"2022-02-18T14:22:42","modified_gmt":"2022-02-18T13:22:42","slug":"wydarzenie-miesiaca-luty-obchody-roku-jana-szczepanika-w-tarnowie","status":"publish","type":"post","link":"https:\/\/www.not-tarnow.pl\/index.php\/2022\/02\/wydarzenie-miesiaca-luty-obchody-roku-jana-szczepanika-w-tarnowie\/","title":{"rendered":"Tarnowskie \u015blady Jana Szczepanika dawniej i dzi\u015b, czyli rzecz o Fundacji im. J. Szczepanika"},"content":{"rendered":"<p><img decoding=\"async\" loading=\"lazy\" class=\"aligncenter size-full wp-image-3188\" src=\"http:\/\/www.not-tarnow.pl\/wp-content\/uploads\/2022\/02\/plakat_Szczepanik_luty_3.jpg\" alt=\"\" width=\"1344\" height=\"1008\" srcset=\"https:\/\/www.not-tarnow.pl\/wp-content\/uploads\/2022\/02\/plakat_Szczepanik_luty_3.jpg 1344w, https:\/\/www.not-tarnow.pl\/wp-content\/uploads\/2022\/02\/plakat_Szczepanik_luty_3-300x225.jpg 300w, https:\/\/www.not-tarnow.pl\/wp-content\/uploads\/2022\/02\/plakat_Szczepanik_luty_3-1024x768.jpg 1024w, https:\/\/www.not-tarnow.pl\/wp-content\/uploads\/2022\/02\/plakat_Szczepanik_luty_3-768x576.jpg 768w\" sizes=\"(max-width: 1344px) 100vw, 1344px\" \/><\/p>\n<p>W T\u0142usty Czwartek, 24 lutego o godzinie 17.00, w Domu Technika NOT w Tarnowie odb\u0119dzie si\u0119 kolejne ju\u017c wydarzenie miesi\u0105ca w ramach obchod\u00f3w Roku Jana Szczepanika w Tarnowie.<\/p>\n<p>Zapraszamy wszystkich zainteresowanych.<\/p>\n<p>Z uwagi na ograniczon\u0105 liczb\u0119 miejsc prosimy o zg\u0142oszenie udzia\u0142u pod nr tel. 14 63 00\u00a0172 lub e-mail: <a href=\"mailto:sekratariat@not-tarnow.pl\">sekratariat@not-tarnow.pl<\/a>.<\/p>\n<p><em>Wst\u0119p wolny<\/em><\/p>\n","protected":false},"excerpt":{"rendered":"<p>W T\u0142usty Czwartek, 24 lutego o godzinie 17.00, w Domu Technika NOT w Tarnowie odb\u0119dzie si\u0119 kolejne ju\u017c wydarzenie miesi\u0105ca<\/p>\n","protected":false},"author":1,"featured_media":0,"comment_status":"closed","ping_status":"open","sticky":false,"template":"","format":"standard","meta":{"footnotes":""},"categories":[12,17],"tags":[],"_links":{"self":[{"href":"https:\/\/www.not-tarnow.pl\/index.php\/wp-json\/wp\/v2\/posts\/3187"}],"collection":[{"href":"https:\/\/www.not-tarnow.pl\/index.php\/wp-json\/wp\/v2\/posts"}],"about":[{"href":"https:\/\/www.not-tarnow.pl\/index.php\/wp-json\/wp\/v2\/types\/post"}],"author":[{"embeddable":true,"href":"https:\/\/www.not-tarnow.pl\/index.php\/wp-json\/wp\/v2\/users\/1"}],"replies":[{"embeddable":true,"href":"https:\/\/www.not-tarnow.pl\/index.php\/wp-json\/wp\/v2\/comments?post=3187"}],"version-history":[{"count":2,"href":"https:\/\/www.not-tarnow.pl\/index.php\/wp-json\/wp\/v2\/posts\/3187\/revisions"}],"predecessor-version":[{"id":3190,"href":"https:\/\/www.not-tarnow.pl\/index.php\/wp-json\/wp\/v2\/posts\/3187\/revisions\/3190"}],"wp:attachment":[{"href":"https:\/\/www.not-tarnow.pl\/index.php\/wp-json\/wp\/v2\/media?parent=3187"}],"wp:term":[{"taxonomy":"category","embeddable":true,"href":"https:\/\/www.not-tarnow.pl\/index.php\/wp-json\/wp\/v2\/categories?post=3187"},{"taxonomy":"post_tag","embeddable":true,"href":"https:\/\/www.not-tarnow.pl\/index.php\/wp-json\/wp\/v2\/tags?post=3187"}],"curies":[{"name":"wp","href":"https:\/\/api.w.org\/{rel}","templated":true}]}}