{"id":3245,"date":"2022-03-29T14:29:08","date_gmt":"2022-03-29T12:29:08","guid":{"rendered":"http:\/\/www.not-tarnow.pl\/?p=3245"},"modified":"2022-03-29T15:23:13","modified_gmt":"2022-03-29T13:23:13","slug":"wieczor-ze-statuetka-jana-szczepanika","status":"publish","type":"post","link":"https:\/\/www.not-tarnow.pl\/index.php\/2022\/03\/wieczor-ze-statuetka-jana-szczepanika\/","title":{"rendered":"Wiecz\u00f3r ze Statuetk\u0105 Jana Szczepanika"},"content":{"rendered":"<p style=\"text-align: left;\">Wydarzenie miesi\u0105ca Marca w ramach obchod\u00f3w Roku Jana Szczepanika w Tarnowie<\/p>\n<p style=\"text-align: left;\"><strong><em>Wiecz\u00f3r ze Statuetk\u0105 Jana Szczepanika<\/em><\/strong><\/p>\n<p style=\"text-align: left;\">29 marca godz. 18.00, IPH w Tarnowie<\/p>\n<p>Transmisja on-line na <a href=\"https:\/\/www.facebook.com\/iphtarnow\/\">https:\/\/www.facebook.com\/iphtarnow\/<\/a><\/p>\n<p><img decoding=\"async\" loading=\"lazy\" class=\"aligncenter size-full wp-image-3246\" src=\"http:\/\/www.not-tarnow.pl\/wp-content\/uploads\/2022\/03\/03.2022.png\" alt=\"\" width=\"921\" height=\"647\" srcset=\"https:\/\/www.not-tarnow.pl\/wp-content\/uploads\/2022\/03\/03.2022.png 921w, https:\/\/www.not-tarnow.pl\/wp-content\/uploads\/2022\/03\/03.2022-300x211.png 300w, https:\/\/www.not-tarnow.pl\/wp-content\/uploads\/2022\/03\/03.2022-768x540.png 768w, https:\/\/www.not-tarnow.pl\/wp-content\/uploads\/2022\/03\/03.2022-130x90.png 130w\" sizes=\"(max-width: 921px) 100vw, 921px\" \/><\/p>\n<p>&nbsp;<\/p>\n","protected":false},"excerpt":{"rendered":"<p>Wydarzenie miesi\u0105ca Marca w ramach obchod\u00f3w Roku Jana Szczepanika w Tarnowie Wiecz\u00f3r ze Statuetk\u0105 Jana Szczepanika 29 marca godz. 18.00,<\/p>\n","protected":false},"author":1,"featured_media":0,"comment_status":"closed","ping_status":"open","sticky":false,"template":"","format":"standard","meta":{"footnotes":""},"categories":[12,17],"tags":[],"_links":{"self":[{"href":"https:\/\/www.not-tarnow.pl\/index.php\/wp-json\/wp\/v2\/posts\/3245"}],"collection":[{"href":"https:\/\/www.not-tarnow.pl\/index.php\/wp-json\/wp\/v2\/posts"}],"about":[{"href":"https:\/\/www.not-tarnow.pl\/index.php\/wp-json\/wp\/v2\/types\/post"}],"author":[{"embeddable":true,"href":"https:\/\/www.not-tarnow.pl\/index.php\/wp-json\/wp\/v2\/users\/1"}],"replies":[{"embeddable":true,"href":"https:\/\/www.not-tarnow.pl\/index.php\/wp-json\/wp\/v2\/comments?post=3245"}],"version-history":[{"count":3,"href":"https:\/\/www.not-tarnow.pl\/index.php\/wp-json\/wp\/v2\/posts\/3245\/revisions"}],"predecessor-version":[{"id":3249,"href":"https:\/\/www.not-tarnow.pl\/index.php\/wp-json\/wp\/v2\/posts\/3245\/revisions\/3249"}],"wp:attachment":[{"href":"https:\/\/www.not-tarnow.pl\/index.php\/wp-json\/wp\/v2\/media?parent=3245"}],"wp:term":[{"taxonomy":"category","embeddable":true,"href":"https:\/\/www.not-tarnow.pl\/index.php\/wp-json\/wp\/v2\/categories?post=3245"},{"taxonomy":"post_tag","embeddable":true,"href":"https:\/\/www.not-tarnow.pl\/index.php\/wp-json\/wp\/v2\/tags?post=3245"}],"curies":[{"name":"wp","href":"https:\/\/api.w.org\/{rel}","templated":true}]}}