{"id":3256,"date":"2022-04-06T14:55:00","date_gmt":"2022-04-06T12:55:00","guid":{"rendered":"http:\/\/www.not-tarnow.pl\/?p=3256"},"modified":"2022-04-22T13:09:59","modified_gmt":"2022-04-22T11:09:59","slug":"inauguracja-obchodow-jubileuszowych-150-lecia-urodzin-jana-szczepanika-w-krosnie","status":"publish","type":"post","link":"https:\/\/www.not-tarnow.pl\/index.php\/2022\/04\/inauguracja-obchodow-jubileuszowych-150-lecia-urodzin-jana-szczepanika-w-krosnie\/","title":{"rendered":"Inauguracja Obchod\u00f3w Jubileuszowych 150-lecia urodzin Jana Szczepanika w Kro\u015bnie"},"content":{"rendered":"<p>W dniu 4 kwietnia 2022 roku w Kampusie Politechnicznym KPU Krosno odby\u0142o si\u0119 rozpocz\u0119cie uroczystych obchod\u00f3w 150. rocznicy urodzin Jana Szczepanika\u00a0organizowanych przez Karpack\u0105 Pa\u0144stwow\u0105 Uczelni\u0119 w Kro\u015bnie we wsp\u00f3\u0142pracy z Urz\u0119dem Miasta Krosna, Muzeum Rzemios\u0142a w Kro\u015bnie oraz Zespo\u0142em Szk\u00f3\u0142 Ponadpodstawowych nr 1 im. Szczepanika w Kro\u015bnie.<\/p>\n<p>150. rocznica urodzin wielkiego wynalazcy, zwanego \u201epolskim Edisonem\u201d obchodzona b\u0119dzie zar\u00f3wno w Kro\u015bnie, gdzie prze\u017cy\u0142 dzieci\u0144stwo i lata szkolne, jak i w Tarnowie, w kt\u00f3rym sp\u0119dzi\u0142 ostatnie lata \u017cycia.<\/p>\n<p>Podczas wydarzenia zosta\u0142a ods\u0142oni\u0119ta tablica pami\u0105tkowa upami\u0119tniaj\u0105ca wielkiego wynalazc\u0119, a Aula znajduj\u0105ca si\u0119 w Kampusie Politechnicznym uczelni otrzyma\u0142a imi\u0119 Jana Szczepanika.\u00a0Zwie\u0144czeniem wydarzenia by\u0142 wyk\u0142ad dr in\u017c. Stanis\u0142awa Rymara\u00a0<em>Krosno za czas\u00f3w Jana Szczepanika 1872-1926.<\/em><\/p>\n<p>Nast\u0119pnie go\u015bcie udali si\u0119 do Muzeum Rzemios\u0142a na wystaw\u0119 \u201e<em>Jan Szczepanik. Geniusz, wynalazca, konstruktor<\/em>\u201d oraz do Regionalnego Centrum Kultur Pogranicza na widowisko \u201e<em>Ze Szczepanikiem przez wieki<\/em>\u201d przygotowane przez Zesp\u00f3\u0142 Szk\u00f3\u0142 Ponadpodstawowych nr 1 im. Jana Szczepanika w Kro\u015bnie.<\/p>\n<p>W\u00a0uroczysto\u015bci udzia\u0142 wzi\u0119li m.in. prezydent Krosna, Piotr Przytocki, wiceprezydent Tarnowa, Agnieszka Kawa, rektor kro\u015bnie\u0144skiej uczelni, prof. dr hab. Zbigniew Barabasz, dyrektor Wydzia\u0142u Komunikacji Spo\u0142ecznej Urz\u0119du Miasta Tarnowa, Lucyna Bielatowicz oraz zast\u0119pca dyrektora WKS UMT, Maria Zawada-Bilik. Obecni byli na niej r\u00f3wnie\u017c przedstawiciele Akademii Nauk Stosowanych w\u00a0Tarnowie, Izby Przemys\u0142owo-Handlowej w\u00a0Tarnowie, Naczelnej Organizacji Technicznej FSNT Rady w\u00a0Tarnowie, tarnowskiej Fundacji im. Jana Szczepanika i\u00a0tarnowskiego Oddzia\u0142u Stowarzyszenia In\u017cynier\u00f3w i\u00a0Technik\u00f3w Przemys\u0142u Chemicznego oraz cz\u0142onek rodziny Jana Szczepanika, Jacek Lenik.<\/p>\n<p><img decoding=\"async\" loading=\"lazy\" class=\"aligncenter wp-image-3288\" src=\"http:\/\/www.not-tarnow.pl\/wp-content\/uploads\/2022\/04\/DSC_6854-1024x684-1.jpg\" alt=\"\" width=\"800\" height=\"534\" srcset=\"https:\/\/www.not-tarnow.pl\/wp-content\/uploads\/2022\/04\/DSC_6854-1024x684-1.jpg 1024w, https:\/\/www.not-tarnow.pl\/wp-content\/uploads\/2022\/04\/DSC_6854-1024x684-1-300x200.jpg 300w, https:\/\/www.not-tarnow.pl\/wp-content\/uploads\/2022\/04\/DSC_6854-1024x684-1-768x513.jpg 768w\" sizes=\"(max-width: 800px) 100vw, 800px\" \/><\/p>\n<p><img decoding=\"async\" loading=\"lazy\" class=\"aligncenter wp-image-3287\" src=\"http:\/\/www.not-tarnow.pl\/wp-content\/uploads\/2022\/04\/DSC_6582-1024x684-1.jpg\" alt=\"\" width=\"801\" height=\"535\" srcset=\"https:\/\/www.not-tarnow.pl\/wp-content\/uploads\/2022\/04\/DSC_6582-1024x684-1.jpg 1024w, https:\/\/www.not-tarnow.pl\/wp-content\/uploads\/2022\/04\/DSC_6582-1024x684-1-300x200.jpg 300w, https:\/\/www.not-tarnow.pl\/wp-content\/uploads\/2022\/04\/DSC_6582-1024x684-1-768x513.jpg 768w\" sizes=\"(max-width: 801px) 100vw, 801px\" \/> <img decoding=\"async\" loading=\"lazy\" class=\"aligncenter wp-image-3257\" src=\"http:\/\/www.not-tarnow.pl\/wp-content\/uploads\/2022\/04\/JS_Krosno-1024x829.jpg\" alt=\"\" width=\"802\" height=\"650\" srcset=\"https:\/\/www.not-tarnow.pl\/wp-content\/uploads\/2022\/04\/JS_Krosno-1024x829.jpg 1024w, https:\/\/www.not-tarnow.pl\/wp-content\/uploads\/2022\/04\/JS_Krosno-300x243.jpg 300w, https:\/\/www.not-tarnow.pl\/wp-content\/uploads\/2022\/04\/JS_Krosno-768x621.jpg 768w, https:\/\/www.not-tarnow.pl\/wp-content\/uploads\/2022\/04\/JS_Krosno-1536x1243.jpg 1536w, https:\/\/www.not-tarnow.pl\/wp-content\/uploads\/2022\/04\/JS_Krosno.jpg 1551w\" sizes=\"(max-width: 802px) 100vw, 802px\" \/><img decoding=\"async\" loading=\"lazy\" class=\"aligncenter size-large wp-image-3262\" src=\"http:\/\/www.not-tarnow.pl\/wp-content\/uploads\/2022\/04\/IMG_20220404_085033-1024x738.jpg\" alt=\"\" width=\"800\" height=\"577\" srcset=\"https:\/\/www.not-tarnow.pl\/wp-content\/uploads\/2022\/04\/IMG_20220404_085033-1024x738.jpg 1024w, https:\/\/www.not-tarnow.pl\/wp-content\/uploads\/2022\/04\/IMG_20220404_085033-300x216.jpg 300w, https:\/\/www.not-tarnow.pl\/wp-content\/uploads\/2022\/04\/IMG_20220404_085033-768x554.jpg 768w, https:\/\/www.not-tarnow.pl\/wp-content\/uploads\/2022\/04\/IMG_20220404_085033.jpg 1458w\" sizes=\"(max-width: 800px) 100vw, 800px\" \/><img decoding=\"async\" loading=\"lazy\" class=\"aligncenter size-large wp-image-3263\" src=\"http:\/\/www.not-tarnow.pl\/wp-content\/uploads\/2022\/04\/IMG_20220404_114604-1024x766.jpg\" alt=\"\" width=\"800\" height=\"598\" srcset=\"https:\/\/www.not-tarnow.pl\/wp-content\/uploads\/2022\/04\/IMG_20220404_114604-1024x766.jpg 1024w, https:\/\/www.not-tarnow.pl\/wp-content\/uploads\/2022\/04\/IMG_20220404_114604-300x225.jpg 300w, https:\/\/www.not-tarnow.pl\/wp-content\/uploads\/2022\/04\/IMG_20220404_114604-768x575.jpg 768w, https:\/\/www.not-tarnow.pl\/wp-content\/uploads\/2022\/04\/IMG_20220404_114604-1536x1150.jpg 1536w, https:\/\/www.not-tarnow.pl\/wp-content\/uploads\/2022\/04\/IMG_20220404_114604.jpg 1856w\" sizes=\"(max-width: 800px) 100vw, 800px\" \/><\/p>\n<p><em>\u017ar\u00f3d\u0142o:<\/em><\/p>\n<p><a href=\"https:\/\/kpu.krosno.pl\/uroczyste-obchody-150-rocznicy-urodzin-jana-szczepanika\/\">https:\/\/kpu.krosno.pl\/uroczyste-obchody-150-rocznicy-urodzin-jana-szczepanika\/<\/a> &#8211; <em>Karpacka Pa\u0144stwowa Uczelnia w Kro\u015bnie<\/em><\/p>\n<p><a href=\"https:\/\/tarnow.pl\/Dla-mieszkancow\/Aktualnosci\/Miasto\/Rozpoczely-sie-obchody-Roku-Szczepanika\">https:\/\/tarnow.pl\/Dla-mieszkancow\/Aktualnosci\/Miasto\/Rozpoczely-sie-obchody-Roku-Szczepanika <\/a><em>&#8211; Wydzia\u0142 Komunikacji Spo\u0142ecznej, UM Tarn\u00f3w<\/em><\/p>\n","protected":false},"excerpt":{"rendered":"<p>W dniu 4 kwietnia 2022 roku w Kampusie Politechnicznym KPU Krosno odby\u0142o si\u0119 rozpocz\u0119cie uroczystych obchod\u00f3w 150. rocznicy urodzin Jana<\/p>\n","protected":false},"author":1,"featured_media":0,"comment_status":"closed","ping_status":"open","sticky":false,"template":"","format":"standard","meta":{"footnotes":""},"categories":[12,17],"tags":[],"_links":{"self":[{"href":"https:\/\/www.not-tarnow.pl\/index.php\/wp-json\/wp\/v2\/posts\/3256"}],"collection":[{"href":"https:\/\/www.not-tarnow.pl\/index.php\/wp-json\/wp\/v2\/posts"}],"about":[{"href":"https:\/\/www.not-tarnow.pl\/index.php\/wp-json\/wp\/v2\/types\/post"}],"author":[{"embeddable":true,"href":"https:\/\/www.not-tarnow.pl\/index.php\/wp-json\/wp\/v2\/users\/1"}],"replies":[{"embeddable":true,"href":"https:\/\/www.not-tarnow.pl\/index.php\/wp-json\/wp\/v2\/comments?post=3256"}],"version-history":[{"count":7,"href":"https:\/\/www.not-tarnow.pl\/index.php\/wp-json\/wp\/v2\/posts\/3256\/revisions"}],"predecessor-version":[{"id":3292,"href":"https:\/\/www.not-tarnow.pl\/index.php\/wp-json\/wp\/v2\/posts\/3256\/revisions\/3292"}],"wp:attachment":[{"href":"https:\/\/www.not-tarnow.pl\/index.php\/wp-json\/wp\/v2\/media?parent=3256"}],"wp:term":[{"taxonomy":"category","embeddable":true,"href":"https:\/\/www.not-tarnow.pl\/index.php\/wp-json\/wp\/v2\/categories?post=3256"},{"taxonomy":"post_tag","embeddable":true,"href":"https:\/\/www.not-tarnow.pl\/index.php\/wp-json\/wp\/v2\/tags?post=3256"}],"curies":[{"name":"wp","href":"https:\/\/api.w.org\/{rel}","templated":true}]}}