{"id":3274,"date":"2022-04-20T15:49:00","date_gmt":"2022-04-20T13:49:00","guid":{"rendered":"http:\/\/www.not-tarnow.pl\/?p=3274"},"modified":"2022-04-21T10:15:16","modified_gmt":"2022-04-21T08:15:16","slug":"20-rocznica-odsloniecia-pomnika-jana-szczepanika-w-tarnowie","status":"publish","type":"post","link":"https:\/\/www.not-tarnow.pl\/index.php\/2022\/04\/20-rocznica-odsloniecia-pomnika-jana-szczepanika-w-tarnowie\/","title":{"rendered":"Dzie\u0144 Jana Szczepanika"},"content":{"rendered":"<p><img decoding=\"async\" loading=\"lazy\" class=\"aligncenter wp-image-3275\" src=\"http:\/\/www.not-tarnow.pl\/wp-content\/uploads\/2022\/04\/04_20-rocznica-pomnika_ZSOiT-724x1024.jpg\" alt=\"\" width=\"457\" height=\"646\" srcset=\"https:\/\/www.not-tarnow.pl\/wp-content\/uploads\/2022\/04\/04_20-rocznica-pomnika_ZSOiT-724x1024.jpg 724w, https:\/\/www.not-tarnow.pl\/wp-content\/uploads\/2022\/04\/04_20-rocznica-pomnika_ZSOiT-212x300.jpg 212w, https:\/\/www.not-tarnow.pl\/wp-content\/uploads\/2022\/04\/04_20-rocznica-pomnika_ZSOiT-768x1086.jpg 768w, https:\/\/www.not-tarnow.pl\/wp-content\/uploads\/2022\/04\/04_20-rocznica-pomnika_ZSOiT-1086x1536.jpg 1086w, https:\/\/www.not-tarnow.pl\/wp-content\/uploads\/2022\/04\/04_20-rocznica-pomnika_ZSOiT.jpg 1448w\" sizes=\"(max-width: 457px) 100vw, 457px\" \/><\/p>\n<p>20 kwietnia 2022 roku Zesp\u00f3\u0142 Szk\u00f3\u0142 Og\u00f3lnokszta\u0142c\u0105cych i Technicznych im. Jana Szczepanika w Tarnowie \u015bwi\u0119towa\u0142 Dzie\u0144 Patrona Szko\u0142y oraz 20. rocznic\u0119 ods\u0142oni\u0119cia Pomnika Jana Szczepanika w Tarnowie w ramach obchod\u00f3w Roku Jana Szczepanika.<\/p>\n<p><img decoding=\"async\" loading=\"lazy\" class=\"aligncenter size-large wp-image-3281\" src=\"http:\/\/www.not-tarnow.pl\/wp-content\/uploads\/2022\/04\/1-1024x682.jpg\" alt=\"\" width=\"800\" height=\"533\" srcset=\"https:\/\/www.not-tarnow.pl\/wp-content\/uploads\/2022\/04\/1-1024x682.jpg 1024w, https:\/\/www.not-tarnow.pl\/wp-content\/uploads\/2022\/04\/1-300x200.jpg 300w, https:\/\/www.not-tarnow.pl\/wp-content\/uploads\/2022\/04\/1-768x511.jpg 768w, https:\/\/www.not-tarnow.pl\/wp-content\/uploads\/2022\/04\/1.jpg 1202w\" sizes=\"(max-width: 800px) 100vw, 800px\" \/><img decoding=\"async\" loading=\"lazy\" class=\"aligncenter size-large wp-image-3282\" src=\"http:\/\/www.not-tarnow.pl\/wp-content\/uploads\/2022\/04\/2-1024x682.jpg\" alt=\"\" width=\"800\" height=\"533\" srcset=\"https:\/\/www.not-tarnow.pl\/wp-content\/uploads\/2022\/04\/2-1024x682.jpg 1024w, https:\/\/www.not-tarnow.pl\/wp-content\/uploads\/2022\/04\/2-300x200.jpg 300w, https:\/\/www.not-tarnow.pl\/wp-content\/uploads\/2022\/04\/2-768x511.jpg 768w, https:\/\/www.not-tarnow.pl\/wp-content\/uploads\/2022\/04\/2.jpg 1202w\" sizes=\"(max-width: 800px) 100vw, 800px\" \/><img decoding=\"async\" loading=\"lazy\" class=\"aligncenter size-large wp-image-3283\" src=\"http:\/\/www.not-tarnow.pl\/wp-content\/uploads\/2022\/04\/3-1024x682.jpg\" alt=\"\" width=\"800\" height=\"533\" srcset=\"https:\/\/www.not-tarnow.pl\/wp-content\/uploads\/2022\/04\/3-1024x682.jpg 1024w, https:\/\/www.not-tarnow.pl\/wp-content\/uploads\/2022\/04\/3-300x200.jpg 300w, https:\/\/www.not-tarnow.pl\/wp-content\/uploads\/2022\/04\/3-768x511.jpg 768w, https:\/\/www.not-tarnow.pl\/wp-content\/uploads\/2022\/04\/3.jpg 1202w\" sizes=\"(max-width: 800px) 100vw, 800px\" \/><\/p>\n<p><em>zdj\u0119cia: www.tarnow.pl<\/em><\/p>\n","protected":false},"excerpt":{"rendered":"<p>20 kwietnia 2022 roku Zesp\u00f3\u0142 Szk\u00f3\u0142 Og\u00f3lnokszta\u0142c\u0105cych i Technicznych im. Jana Szczepanika w Tarnowie \u015bwi\u0119towa\u0142 Dzie\u0144 Patrona Szko\u0142y oraz 20.<\/p>\n","protected":false},"author":1,"featured_media":0,"comment_status":"closed","ping_status":"open","sticky":false,"template":"","format":"standard","meta":{"footnotes":""},"categories":[12,17],"tags":[],"_links":{"self":[{"href":"https:\/\/www.not-tarnow.pl\/index.php\/wp-json\/wp\/v2\/posts\/3274"}],"collection":[{"href":"https:\/\/www.not-tarnow.pl\/index.php\/wp-json\/wp\/v2\/posts"}],"about":[{"href":"https:\/\/www.not-tarnow.pl\/index.php\/wp-json\/wp\/v2\/types\/post"}],"author":[{"embeddable":true,"href":"https:\/\/www.not-tarnow.pl\/index.php\/wp-json\/wp\/v2\/users\/1"}],"replies":[{"embeddable":true,"href":"https:\/\/www.not-tarnow.pl\/index.php\/wp-json\/wp\/v2\/comments?post=3274"}],"version-history":[{"count":5,"href":"https:\/\/www.not-tarnow.pl\/index.php\/wp-json\/wp\/v2\/posts\/3274\/revisions"}],"predecessor-version":[{"id":3285,"href":"https:\/\/www.not-tarnow.pl\/index.php\/wp-json\/wp\/v2\/posts\/3274\/revisions\/3285"}],"wp:attachment":[{"href":"https:\/\/www.not-tarnow.pl\/index.php\/wp-json\/wp\/v2\/media?parent=3274"}],"wp:term":[{"taxonomy":"category","embeddable":true,"href":"https:\/\/www.not-tarnow.pl\/index.php\/wp-json\/wp\/v2\/categories?post=3274"},{"taxonomy":"post_tag","embeddable":true,"href":"https:\/\/www.not-tarnow.pl\/index.php\/wp-json\/wp\/v2\/tags?post=3274"}],"curies":[{"name":"wp","href":"https:\/\/api.w.org\/{rel}","templated":true}]}}