{"id":3277,"date":"2022-04-20T15:51:14","date_gmt":"2022-04-20T13:51:14","guid":{"rendered":"http:\/\/www.not-tarnow.pl\/?p=3277"},"modified":"2022-04-20T15:51:34","modified_gmt":"2022-04-20T13:51:34","slug":"zebranie-zarzadu","status":"publish","type":"post","link":"https:\/\/www.not-tarnow.pl\/index.php\/2022\/04\/zebranie-zarzadu\/","title":{"rendered":"Zebranie Zarz\u0105du"},"content":{"rendered":"<p>W dniu 20 kwietnia 2022 r. odb\u0119dzie si\u0119 Zebranie Zarz\u0105du NOT FSNT Rady w Tarnowie.<\/p>\n<p><img decoding=\"async\" loading=\"lazy\" class=\"aligncenter size-thumbnail wp-image-1439\" src=\"http:\/\/www.not-tarnow.pl\/wp-content\/uploads\/2018\/04\/not_logo_gif-150x150.gif\" alt=\"\" width=\"150\" height=\"150\" srcset=\"https:\/\/www.not-tarnow.pl\/wp-content\/uploads\/2018\/04\/not_logo_gif-150x150.gif 150w, https:\/\/www.not-tarnow.pl\/wp-content\/uploads\/2018\/04\/not_logo_gif-300x298.gif 300w, https:\/\/www.not-tarnow.pl\/wp-content\/uploads\/2018\/04\/not_logo_gif-768x763.gif 768w, https:\/\/www.not-tarnow.pl\/wp-content\/uploads\/2018\/04\/not_logo_gif-1024x1017.gif 1024w\" sizes=\"(max-width: 150px) 100vw, 150px\" \/><\/p>\n","protected":false},"excerpt":{"rendered":"<p>W dniu 20 kwietnia 2022 r. odb\u0119dzie si\u0119 Zebranie Zarz\u0105du NOT FSNT Rady w Tarnowie.<\/p>\n","protected":false},"author":1,"featured_media":0,"comment_status":"closed","ping_status":"open","sticky":false,"template":"","format":"standard","meta":{"footnotes":""},"categories":[12],"tags":[],"_links":{"self":[{"href":"https:\/\/www.not-tarnow.pl\/index.php\/wp-json\/wp\/v2\/posts\/3277"}],"collection":[{"href":"https:\/\/www.not-tarnow.pl\/index.php\/wp-json\/wp\/v2\/posts"}],"about":[{"href":"https:\/\/www.not-tarnow.pl\/index.php\/wp-json\/wp\/v2\/types\/post"}],"author":[{"embeddable":true,"href":"https:\/\/www.not-tarnow.pl\/index.php\/wp-json\/wp\/v2\/users\/1"}],"replies":[{"embeddable":true,"href":"https:\/\/www.not-tarnow.pl\/index.php\/wp-json\/wp\/v2\/comments?post=3277"}],"version-history":[{"count":1,"href":"https:\/\/www.not-tarnow.pl\/index.php\/wp-json\/wp\/v2\/posts\/3277\/revisions"}],"predecessor-version":[{"id":3278,"href":"https:\/\/www.not-tarnow.pl\/index.php\/wp-json\/wp\/v2\/posts\/3277\/revisions\/3278"}],"wp:attachment":[{"href":"https:\/\/www.not-tarnow.pl\/index.php\/wp-json\/wp\/v2\/media?parent=3277"}],"wp:term":[{"taxonomy":"category","embeddable":true,"href":"https:\/\/www.not-tarnow.pl\/index.php\/wp-json\/wp\/v2\/categories?post=3277"},{"taxonomy":"post_tag","embeddable":true,"href":"https:\/\/www.not-tarnow.pl\/index.php\/wp-json\/wp\/v2\/tags?post=3277"}],"curies":[{"name":"wp","href":"https:\/\/api.w.org\/{rel}","templated":true}]}}