{"id":3305,"date":"2022-04-25T15:30:38","date_gmt":"2022-04-25T13:30:38","guid":{"rendered":"http:\/\/www.not-tarnow.pl\/?p=3305"},"modified":"2022-04-26T12:10:08","modified_gmt":"2022-04-26T10:10:08","slug":"wez-udzial-w-v-swiatowym-zjezdzie-inzynierow-polskich-i-xxvii-kongresem-technikow-polskich","status":"publish","type":"post","link":"https:\/\/www.not-tarnow.pl\/index.php\/2022\/04\/wez-udzial-w-v-swiatowym-zjezdzie-inzynierow-polskich-i-xxvii-kongresem-technikow-polskich\/","title":{"rendered":"V \u015awiatowy Zjazd In\u017cynier\u00f3w Polskich i XXVII Kongres Technik\u00f3w Polskich"},"content":{"rendered":"<p>We\u017a udzia\u0142 w <strong>V \u015awiatowym Zje\u017adzie In\u017cynier\u00f3w Polskich<\/strong> organizowanym wraz z <strong>XXVII Kongresem Technik\u00f3w Polskich<\/strong> i zarejestruj si\u0119 na stronie:\u00a0 \u00a0<a href=\"https:\/\/rejestracja.enot.pl\/fsnt\/szip2022\/index\">https:\/\/rejestracja.enot.pl\/fsnt\/szip2022\/index<\/a><\/p>\n<p><img decoding=\"async\" loading=\"lazy\" class=\"aligncenter wp-image-3312\" src=\"http:\/\/www.not-tarnow.pl\/wp-content\/uploads\/2022\/04\/VSZIP.png\" alt=\"\" width=\"780\" height=\"501\" srcset=\"https:\/\/www.not-tarnow.pl\/wp-content\/uploads\/2022\/04\/VSZIP.png 853w, https:\/\/www.not-tarnow.pl\/wp-content\/uploads\/2022\/04\/VSZIP-300x193.png 300w, https:\/\/www.not-tarnow.pl\/wp-content\/uploads\/2022\/04\/VSZIP-768x493.png 768w\" sizes=\"(max-width: 780px) 100vw, 780px\" \/><\/p>\n<p>Nawi\u0105zuj\u0105c do przes\u0142ania IV \u015awiatowego Zjazdu In\u017cynier\u00f3w Polskich (Krak\u00f3w, 2019) jego organizatorzy zapraszaj\u0105 polskich in\u017cynier\u00f3w mieszkaj\u0105cych i pracuj\u0105cych w kraju oraz za granic\u0105 na kolejne spotkanie, kt\u00f3re odb\u0119dzie si\u0119 <strong>23 \u2013 25 czerwca 2022 r. w Politechnice \u015al\u0105skiej w Gliwicach<\/strong> pod has\u0142em <strong><em>In\u017cynierowie dla zdrowej planety.<\/em><\/strong><\/p>\n<p>Kongresy Technik\u00f3w Polskich (KTP) gromadz\u0105ce polskich in\u017cynier\u00f3w organizowano od XIX w. Pierwszy odby\u0142 si\u0119 w 1882 r. Wzi\u0119li w nim udzia\u0142 in\u017cynierowie z trzech zabor\u00f3w i emigracji. Wa\u017cnym celem in\u017cynierskich spotka\u0144 by\u0142a i jest integracja \u015brodowiska i wymiana wiedzy oraz do\u015bwiadcze\u0144. Do tej tradycji powr\u00f3cono organizuj\u0105c w latach dziewi\u0119\u0107dziesi\u0105tych ubieg\u0142ego wieku sympozja \u201ePolacy Razem\u201d. Jest ona szczeg\u00f3lnie wa\u017cna w dobie IV rewolucji przemys\u0142owej (Industry 4.0). W globalnym \u015bwiecie spotkanie polskich in\u017cynier\u00f3w, pracuj\u0105cych i odnosz\u0105cych sukcesy poza granicami kraju z tymi, kt\u00f3rzy tu i teraz d\u0105\u017c\u0105 do dynamicznego rozwoju Polski jest spraw\u0105 o fundamentalnym znaczeniu dla przysz\u0142o\u015bci Polski oraz jej miejsca w Europie i w \u015bwiecie.<\/p>\n<p>FSNT-NOT, Politechnika Warszawska i Rada Polskich In\u017cynier\u00f3w w Ameryce P\u00f3\u0142nocnej zorganizowa\u0142y w we wrze\u015bniu 2010 r. w Warszawie I \u015awiatowy Zjazd In\u017cynier\u00f3w Polskich (SZIP), kt\u00f3ry zgromadzi\u0142 ok. 500 polskich in\u017cynier\u00f3w z kraju i zza granicy. W\u00f3wczas te\u017c zdecydowano, \u017ce \u015bwiatowe zgromadzenia polskich tw\u00f3rc\u00f3w techniki odbywa\u0107 si\u0119 b\u0119d\u0105 co 3 lata. G\u0142\u00f3wnymi tematami tych zjazd\u00f3w jest wsp\u00f3\u0142dzia\u0142anie na rzecz wsparcia przez polonijnych in\u017cynier\u00f3w innowacyjno\u015bci polskiej gospodarki oraz edukacji sprzyjaj\u0105cej rozwojowi tw\u00f3rczych postaw, a tak\u017ce umiej\u0119tno\u015bci przek\u0142adania pomys\u0142\u00f3w i wynalazk\u00f3w na praktyk\u0119 gospodarcz\u0105.<\/p>\n<p>Planowany na czerwiec 2022 r. V SZIP oraz XXVII KTP odb\u0119dzie si\u0119 w Gliwicach i jest wsp\u00f3\u0142organizowany przez Politechnik\u0119 \u015al\u0105sk\u0105. Temat przewodni Zjazdu &#8211; \u201eIn\u017cynierowie dla zdrowej planety\u201d nawi\u0105zuje do dw\u00f3ch najwa\u017cniejszych problem\u00f3w wsp\u00f3\u0142czesno\u015bci: pandemia i zmiany klimatyczne. Chcemy pokaza\u0107 spo\u0142ecze\u0144stwu, \u017ce technika i jej tw\u00f3rcy mog\u0105 w spos\u00f3b aktywny i efektywny w\u0142\u0105czy\u0107 si\u0119 w utrzymanie takiego stanu naszej planety, aby cz\u0142owiek i przyroda mog\u0142y na niej nadal \u017cy\u0107 i rozwija\u0107 si\u0119.<\/p>\n<p style=\"text-align: center;\">Wi\u0119cej na stronie <a href=\"http:\/\/www.szip.org.pl\">www.szip.org.pl<\/a><\/p>\n<p style=\"text-align: center;\">B\u0105d\u017a uczestnikiem tego wydarzenia<\/p>\n<p style=\"text-align: center;\">Zapraszamy do rejestracji !<\/p>\n","protected":false},"excerpt":{"rendered":"<p>We\u017a udzia\u0142 w V \u015awiatowym Zje\u017adzie In\u017cynier\u00f3w Polskich organizowanym wraz z XXVII Kongresem Technik\u00f3w Polskich i zarejestruj si\u0119 na stronie:\u00a0<\/p>\n","protected":false},"author":1,"featured_media":0,"comment_status":"closed","ping_status":"open","sticky":false,"template":"","format":"standard","meta":{"footnotes":""},"categories":[12],"tags":[],"_links":{"self":[{"href":"https:\/\/www.not-tarnow.pl\/index.php\/wp-json\/wp\/v2\/posts\/3305"}],"collection":[{"href":"https:\/\/www.not-tarnow.pl\/index.php\/wp-json\/wp\/v2\/posts"}],"about":[{"href":"https:\/\/www.not-tarnow.pl\/index.php\/wp-json\/wp\/v2\/types\/post"}],"author":[{"embeddable":true,"href":"https:\/\/www.not-tarnow.pl\/index.php\/wp-json\/wp\/v2\/users\/1"}],"replies":[{"embeddable":true,"href":"https:\/\/www.not-tarnow.pl\/index.php\/wp-json\/wp\/v2\/comments?post=3305"}],"version-history":[{"count":7,"href":"https:\/\/www.not-tarnow.pl\/index.php\/wp-json\/wp\/v2\/posts\/3305\/revisions"}],"predecessor-version":[{"id":3316,"href":"https:\/\/www.not-tarnow.pl\/index.php\/wp-json\/wp\/v2\/posts\/3305\/revisions\/3316"}],"wp:attachment":[{"href":"https:\/\/www.not-tarnow.pl\/index.php\/wp-json\/wp\/v2\/media?parent=3305"}],"wp:term":[{"taxonomy":"category","embeddable":true,"href":"https:\/\/www.not-tarnow.pl\/index.php\/wp-json\/wp\/v2\/categories?post=3305"},{"taxonomy":"post_tag","embeddable":true,"href":"https:\/\/www.not-tarnow.pl\/index.php\/wp-json\/wp\/v2\/tags?post=3305"}],"curies":[{"name":"wp","href":"https:\/\/api.w.org\/{rel}","templated":true}]}}