{"id":3319,"date":"2022-04-27T14:33:28","date_gmt":"2022-04-27T12:33:28","guid":{"rendered":"http:\/\/www.not-tarnow.pl\/?p=3319"},"modified":"2022-04-27T14:33:28","modified_gmt":"2022-04-27T12:33:28","slug":"80-rocznica-i-transportu-kobiet-do-kl-auschwitz","status":"publish","type":"post","link":"https:\/\/www.not-tarnow.pl\/index.php\/2022\/04\/80-rocznica-i-transportu-kobiet-do-kl-auschwitz\/","title":{"rendered":"80. rocznica I transportu kobiet do KL Auschwitz"},"content":{"rendered":"<p>27 kwietnia przypada 80. rocznica pierwszego polskiego kobiecego transportu do KL Auschwitz.<\/p>\n<p>Tarnowskie obchody odby\u0142y si\u0119 pod pomnikiem Pierwszego Transportu przy ul. B\u00f3\u017cnic.<\/p>\n<p><img decoding=\"async\" loading=\"lazy\" class=\"aligncenter size-large wp-image-3321\" src=\"http:\/\/www.not-tarnow.pl\/wp-content\/uploads\/2022\/04\/80-rocznica-1-transportu-kobiet-do-auschwitz-fot.-Artur-Gawle_018-1024x683.jpg\" alt=\"\" width=\"800\" height=\"534\" srcset=\"https:\/\/www.not-tarnow.pl\/wp-content\/uploads\/2022\/04\/80-rocznica-1-transportu-kobiet-do-auschwitz-fot.-Artur-Gawle_018-1024x683.jpg 1024w, https:\/\/www.not-tarnow.pl\/wp-content\/uploads\/2022\/04\/80-rocznica-1-transportu-kobiet-do-auschwitz-fot.-Artur-Gawle_018-300x200.jpg 300w, https:\/\/www.not-tarnow.pl\/wp-content\/uploads\/2022\/04\/80-rocznica-1-transportu-kobiet-do-auschwitz-fot.-Artur-Gawle_018-768x512.jpg 768w, https:\/\/www.not-tarnow.pl\/wp-content\/uploads\/2022\/04\/80-rocznica-1-transportu-kobiet-do-auschwitz-fot.-Artur-Gawle_018.jpg 1200w\" sizes=\"(max-width: 800px) 100vw, 800px\" \/><\/p>\n<p>Pierwszy transport Polek do Auschwitz wyruszy\u0142 z Tarnowa. W pierwszym transporcie znalaz\u0142o si\u0119 127 kobiet, w tym 58 osadzonych w wi\u0119zieniu w Tarnowie. Jedn\u0105 z nich by\u0142a S\u0142u\u017cebnica Bo\u017ca Stefania \u0141\u0105cka, pochodz\u0105ca z Woli \u017belichowskiej (gm. Gr\u0119bosz\u00f3w). Pozosta\u0142e wi\u0119\u017aniarki przywieziono do Tarnowa z krakowskiego wi\u0119zienia przy ul. Montelupich. By\u0142y to dzia\u0142aczki konspiracyjnego podziemia, patriotki, kobiety, kt\u00f3re chcia\u0142y walczy\u0107 o niepodleg\u0142o\u015b\u0107 Ojczyzny.<\/p>\n<p><img decoding=\"async\" loading=\"lazy\" class=\"aligncenter size-large wp-image-3320\" src=\"http:\/\/www.not-tarnow.pl\/wp-content\/uploads\/2022\/04\/80-rocznica-1-transportu-kobiet-do-auschwitz-fot.-Artur-Gawle_009-1024x683.jpg\" alt=\"\" width=\"800\" height=\"534\" srcset=\"https:\/\/www.not-tarnow.pl\/wp-content\/uploads\/2022\/04\/80-rocznica-1-transportu-kobiet-do-auschwitz-fot.-Artur-Gawle_009-1024x683.jpg 1024w, https:\/\/www.not-tarnow.pl\/wp-content\/uploads\/2022\/04\/80-rocznica-1-transportu-kobiet-do-auschwitz-fot.-Artur-Gawle_009-300x200.jpg 300w, https:\/\/www.not-tarnow.pl\/wp-content\/uploads\/2022\/04\/80-rocznica-1-transportu-kobiet-do-auschwitz-fot.-Artur-Gawle_009-768x512.jpg 768w, https:\/\/www.not-tarnow.pl\/wp-content\/uploads\/2022\/04\/80-rocznica-1-transportu-kobiet-do-auschwitz-fot.-Artur-Gawle_009.jpg 1200w\" sizes=\"(max-width: 800px) 100vw, 800px\" \/><\/p>\n<p>zdj\u0119cia: UM Tarn\u00f3w<\/p>\n","protected":false},"excerpt":{"rendered":"<p>27 kwietnia przypada 80. rocznica pierwszego polskiego kobiecego transportu do KL Auschwitz. Tarnowskie obchody odby\u0142y si\u0119 pod pomnikiem Pierwszego Transportu<\/p>\n","protected":false},"author":1,"featured_media":0,"comment_status":"closed","ping_status":"open","sticky":false,"template":"","format":"standard","meta":{"footnotes":""},"categories":[12],"tags":[],"_links":{"self":[{"href":"https:\/\/www.not-tarnow.pl\/index.php\/wp-json\/wp\/v2\/posts\/3319"}],"collection":[{"href":"https:\/\/www.not-tarnow.pl\/index.php\/wp-json\/wp\/v2\/posts"}],"about":[{"href":"https:\/\/www.not-tarnow.pl\/index.php\/wp-json\/wp\/v2\/types\/post"}],"author":[{"embeddable":true,"href":"https:\/\/www.not-tarnow.pl\/index.php\/wp-json\/wp\/v2\/users\/1"}],"replies":[{"embeddable":true,"href":"https:\/\/www.not-tarnow.pl\/index.php\/wp-json\/wp\/v2\/comments?post=3319"}],"version-history":[{"count":1,"href":"https:\/\/www.not-tarnow.pl\/index.php\/wp-json\/wp\/v2\/posts\/3319\/revisions"}],"predecessor-version":[{"id":3322,"href":"https:\/\/www.not-tarnow.pl\/index.php\/wp-json\/wp\/v2\/posts\/3319\/revisions\/3322"}],"wp:attachment":[{"href":"https:\/\/www.not-tarnow.pl\/index.php\/wp-json\/wp\/v2\/media?parent=3319"}],"wp:term":[{"taxonomy":"category","embeddable":true,"href":"https:\/\/www.not-tarnow.pl\/index.php\/wp-json\/wp\/v2\/categories?post=3319"},{"taxonomy":"post_tag","embeddable":true,"href":"https:\/\/www.not-tarnow.pl\/index.php\/wp-json\/wp\/v2\/tags?post=3319"}],"curies":[{"name":"wp","href":"https:\/\/api.w.org\/{rel}","templated":true}]}}