{"id":3353,"date":"2022-06-10T12:30:20","date_gmt":"2022-06-10T10:30:20","guid":{"rendered":"http:\/\/www.not-tarnow.pl\/?p=3353"},"modified":"2022-06-10T13:59:30","modified_gmt":"2022-06-10T11:59:30","slug":"wywiad-prezes-not-tarnow-w-radio-rdn-malopolska","status":"publish","type":"post","link":"https:\/\/www.not-tarnow.pl\/index.php\/2022\/06\/wywiad-prezes-not-tarnow-w-radio-rdn-malopolska\/","title":{"rendered":"Wywiad Prezes NOT Tarn\u00f3w w Radio RDN Ma\u0142opolska"},"content":{"rendered":"<p><img decoding=\"async\" loading=\"lazy\" class=\"wp-image-3355 alignleft\" src=\"http:\/\/www.not-tarnow.pl\/wp-content\/uploads\/2022\/06\/Labedz-Renata-1024x766.jpg\" alt=\"\" width=\"368\" height=\"275\" srcset=\"https:\/\/www.not-tarnow.pl\/wp-content\/uploads\/2022\/06\/Labedz-Renata-1024x766.jpg 1024w, https:\/\/www.not-tarnow.pl\/wp-content\/uploads\/2022\/06\/Labedz-Renata-300x225.jpg 300w, https:\/\/www.not-tarnow.pl\/wp-content\/uploads\/2022\/06\/Labedz-Renata-768x575.jpg 768w, https:\/\/www.not-tarnow.pl\/wp-content\/uploads\/2022\/06\/Labedz-Renata.jpg 1125w\" sizes=\"(max-width: 368px) 100vw, 368px\" \/><\/p>\n<blockquote class=\"wp-embedded-content\" data-secret=\"0xYCj7Fszm\"><p><a href=\"https:\/\/www.rdn.pl\/news\/tarnow-jest-winny-szczepanikowi-upamietnienie-jak-inzynierowie-postrzegaja-genialnego-wynalazce-samouka\">&#8216;Tarn\u00f3w jest winny Szczepanikowi upami\u0119tnienie&#8217; \u2013 jak in\u017cynierowie postrzegaj\u0105 genialnego wynalazc\u0119 samouka?<\/a><\/p><\/blockquote>\n<p><iframe class=\"wp-embedded-content\" sandbox=\"allow-scripts\" security=\"restricted\" style=\"position: absolute; clip: rect(1px, 1px, 1px, 1px);\" title=\"&#8220;&#8216;Tarn\u00f3w jest winny Szczepanikowi upami\u0119tnienie&#8217; \u2013 jak in\u017cynierowie postrzegaj\u0105 genialnego wynalazc\u0119 samouka?&#8221; &#8212; \" src=\"https:\/\/www.rdn.pl\/news\/tarnow-jest-winny-szczepanikowi-upamietnienie-jak-inzynierowie-postrzegaja-genialnego-wynalazce-samouka\/embed#?secret=0xYCj7Fszm\" data-secret=\"0xYCj7Fszm\" width=\"600\" height=\"338\" frameborder=\"0\" marginwidth=\"0\" marginheight=\"0\" scrolling=\"no\"><\/iframe><\/p>\n<p>&nbsp;<\/p>\n","protected":false},"excerpt":{"rendered":"<p>&#8216;Tarn\u00f3w jest winny Szczepanikowi upami\u0119tnienie&#8217; \u2013 jak in\u017cynierowie postrzegaj\u0105 genialnego wynalazc\u0119 samouka? &nbsp;<\/p>\n","protected":false},"author":1,"featured_media":0,"comment_status":"closed","ping_status":"open","sticky":false,"template":"","format":"standard","meta":{"footnotes":""},"categories":[12,17],"tags":[],"_links":{"self":[{"href":"https:\/\/www.not-tarnow.pl\/index.php\/wp-json\/wp\/v2\/posts\/3353"}],"collection":[{"href":"https:\/\/www.not-tarnow.pl\/index.php\/wp-json\/wp\/v2\/posts"}],"about":[{"href":"https:\/\/www.not-tarnow.pl\/index.php\/wp-json\/wp\/v2\/types\/post"}],"author":[{"embeddable":true,"href":"https:\/\/www.not-tarnow.pl\/index.php\/wp-json\/wp\/v2\/users\/1"}],"replies":[{"embeddable":true,"href":"https:\/\/www.not-tarnow.pl\/index.php\/wp-json\/wp\/v2\/comments?post=3353"}],"version-history":[{"count":2,"href":"https:\/\/www.not-tarnow.pl\/index.php\/wp-json\/wp\/v2\/posts\/3353\/revisions"}],"predecessor-version":[{"id":3356,"href":"https:\/\/www.not-tarnow.pl\/index.php\/wp-json\/wp\/v2\/posts\/3353\/revisions\/3356"}],"wp:attachment":[{"href":"https:\/\/www.not-tarnow.pl\/index.php\/wp-json\/wp\/v2\/media?parent=3353"}],"wp:term":[{"taxonomy":"category","embeddable":true,"href":"https:\/\/www.not-tarnow.pl\/index.php\/wp-json\/wp\/v2\/categories?post=3353"},{"taxonomy":"post_tag","embeddable":true,"href":"https:\/\/www.not-tarnow.pl\/index.php\/wp-json\/wp\/v2\/tags?post=3353"}],"curies":[{"name":"wp","href":"https:\/\/api.w.org\/{rel}","templated":true}]}}