{"id":3365,"date":"2022-06-17T11:46:10","date_gmt":"2022-06-17T09:46:10","guid":{"rendered":"http:\/\/www.not-tarnow.pl\/?p=3365"},"modified":"2022-06-17T11:46:10","modified_gmt":"2022-06-17T09:46:10","slug":"zebranie-zarzadu-not","status":"publish","type":"post","link":"https:\/\/www.not-tarnow.pl\/index.php\/2022\/06\/zebranie-zarzadu-not\/","title":{"rendered":"Zebranie Zarz\u0105du NOT"},"content":{"rendered":"<p>15 czerwca 2022 r. odby\u0142o si\u0119 Zebranie Zarz\u0105du NOT Tarn\u00f3w.<\/p>\n<p><img decoding=\"async\" loading=\"lazy\" class=\"aligncenter  wp-image-2726\" src=\"http:\/\/www.not-tarnow.pl\/wp-content\/uploads\/2013\/01\/cropped-not_logo_gif.gif\" alt=\"\" width=\"139\" height=\"139\" \/><\/p>\n","protected":false},"excerpt":{"rendered":"<p>15 czerwca 2022 r. odby\u0142o si\u0119 Zebranie Zarz\u0105du NOT Tarn\u00f3w.<\/p>\n","protected":false},"author":1,"featured_media":0,"comment_status":"closed","ping_status":"open","sticky":false,"template":"","format":"standard","meta":{"footnotes":""},"categories":[12],"tags":[],"_links":{"self":[{"href":"https:\/\/www.not-tarnow.pl\/index.php\/wp-json\/wp\/v2\/posts\/3365"}],"collection":[{"href":"https:\/\/www.not-tarnow.pl\/index.php\/wp-json\/wp\/v2\/posts"}],"about":[{"href":"https:\/\/www.not-tarnow.pl\/index.php\/wp-json\/wp\/v2\/types\/post"}],"author":[{"embeddable":true,"href":"https:\/\/www.not-tarnow.pl\/index.php\/wp-json\/wp\/v2\/users\/1"}],"replies":[{"embeddable":true,"href":"https:\/\/www.not-tarnow.pl\/index.php\/wp-json\/wp\/v2\/comments?post=3365"}],"version-history":[{"count":1,"href":"https:\/\/www.not-tarnow.pl\/index.php\/wp-json\/wp\/v2\/posts\/3365\/revisions"}],"predecessor-version":[{"id":3366,"href":"https:\/\/www.not-tarnow.pl\/index.php\/wp-json\/wp\/v2\/posts\/3365\/revisions\/3366"}],"wp:attachment":[{"href":"https:\/\/www.not-tarnow.pl\/index.php\/wp-json\/wp\/v2\/media?parent=3365"}],"wp:term":[{"taxonomy":"category","embeddable":true,"href":"https:\/\/www.not-tarnow.pl\/index.php\/wp-json\/wp\/v2\/categories?post=3365"},{"taxonomy":"post_tag","embeddable":true,"href":"https:\/\/www.not-tarnow.pl\/index.php\/wp-json\/wp\/v2\/tags?post=3365"}],"curies":[{"name":"wp","href":"https:\/\/api.w.org\/{rel}","templated":true}]}}