{"id":3371,"date":"2022-06-21T14:17:18","date_gmt":"2022-06-21T12:17:18","guid":{"rendered":"http:\/\/www.not-tarnow.pl\/?p=3371"},"modified":"2022-06-22T13:44:39","modified_gmt":"2022-06-22T11:44:39","slug":"150-rocznica-urodzin-polskiego-edisona-jana-szczepanika","status":"publish","type":"post","link":"https:\/\/www.not-tarnow.pl\/index.php\/2022\/06\/150-rocznica-urodzin-polskiego-edisona-jana-szczepanika\/","title":{"rendered":"150. rocznica urodzin \u201epolskiego Edisona\u201d &#8211; Jana Szczepanika"},"content":{"rendered":"<p data-uw-styling-context=\"true\"><img decoding=\"async\" loading=\"lazy\" class=\"aligncenter wp-image-3376\" src=\"http:\/\/www.not-tarnow.pl\/wp-content\/uploads\/2022\/06\/dron-1024x683.jpg\" alt=\"\" width=\"629\" height=\"420\" srcset=\"https:\/\/www.not-tarnow.pl\/wp-content\/uploads\/2022\/06\/dron-1024x683.jpg 1024w, https:\/\/www.not-tarnow.pl\/wp-content\/uploads\/2022\/06\/dron-300x200.jpg 300w, https:\/\/www.not-tarnow.pl\/wp-content\/uploads\/2022\/06\/dron-768x512.jpg 768w, https:\/\/www.not-tarnow.pl\/wp-content\/uploads\/2022\/06\/dron.jpg 1202w\" sizes=\"(max-width: 629px) 100vw, 629px\" \/><\/p>\n<p style=\"line-height: 16.8pt; background: white; box-sizing: border-box; margin: 0cm 0cm 15.0pt 0cm;\" data-uw-styling-context=\"true\"><span style=\"font-size: 10.5pt; font-family: 'Arial','sans-serif'; color: #454545;\">Jana Szczepanika\u00a0powitano w\u00a0Tarnowie o\u00a0godz. 9. Na plac Sobieskiego przyjecha\u0142 doro\u017ck\u0105, do kt\u00f3rej wsiad\u0142 przed swoim domem na ul. Chopina. P\u00f3\u0142 godziny p\u00f3\u017aniej w\u00a0bazylice katedralnej odprawiona zosta\u0142a msza \u015bw. w\u00a0intencji polskich wynalazc\u00f3w. Po jej zako\u0144czeniu, o\u00a0godz. 11 na tarnowskim rynku wykonana zosta\u0142a z\u00a0drona wsp\u00f3lna fotografia z\u00a0Janem Szczepanikiem.<\/span><\/p>\n<p data-uw-styling-context=\"true\"><img decoding=\"async\" loading=\"lazy\" class=\"aligncenter wp-image-3375\" src=\"http:\/\/www.not-tarnow.pl\/wp-content\/uploads\/2022\/06\/288198789_3238436299765783_2196318208921399505_n-1024x683.jpg\" alt=\"\" width=\"629\" height=\"420\" srcset=\"https:\/\/www.not-tarnow.pl\/wp-content\/uploads\/2022\/06\/288198789_3238436299765783_2196318208921399505_n-1024x683.jpg 1024w, https:\/\/www.not-tarnow.pl\/wp-content\/uploads\/2022\/06\/288198789_3238436299765783_2196318208921399505_n-300x200.jpg 300w, https:\/\/www.not-tarnow.pl\/wp-content\/uploads\/2022\/06\/288198789_3238436299765783_2196318208921399505_n-768x512.jpg 768w, https:\/\/www.not-tarnow.pl\/wp-content\/uploads\/2022\/06\/288198789_3238436299765783_2196318208921399505_n-1536x1024.jpg 1536w, https:\/\/www.not-tarnow.pl\/wp-content\/uploads\/2022\/06\/288198789_3238436299765783_2196318208921399505_n.jpg 2048w\" sizes=\"(max-width: 629px) 100vw, 629px\" \/> <img decoding=\"async\" loading=\"lazy\" class=\"aligncenter wp-image-3374\" src=\"http:\/\/www.not-tarnow.pl\/wp-content\/uploads\/2022\/06\/288060281_3238435926432487_1117296691506066754_n-1024x683.jpg\" alt=\"\" width=\"629\" height=\"420\" srcset=\"https:\/\/www.not-tarnow.pl\/wp-content\/uploads\/2022\/06\/288060281_3238435926432487_1117296691506066754_n-1024x683.jpg 1024w, https:\/\/www.not-tarnow.pl\/wp-content\/uploads\/2022\/06\/288060281_3238435926432487_1117296691506066754_n-300x200.jpg 300w, https:\/\/www.not-tarnow.pl\/wp-content\/uploads\/2022\/06\/288060281_3238435926432487_1117296691506066754_n-768x512.jpg 768w, https:\/\/www.not-tarnow.pl\/wp-content\/uploads\/2022\/06\/288060281_3238435926432487_1117296691506066754_n-1536x1024.jpg 1536w, https:\/\/www.not-tarnow.pl\/wp-content\/uploads\/2022\/06\/288060281_3238435926432487_1117296691506066754_n.jpg 2048w\" sizes=\"(max-width: 629px) 100vw, 629px\" \/> <img decoding=\"async\" loading=\"lazy\" class=\"aligncenter wp-image-3373\" src=\"http:\/\/www.not-tarnow.pl\/wp-content\/uploads\/2022\/06\/287902603_3238437773098969_4040817963664653204_n-1024x683.jpg\" alt=\"\" width=\"629\" height=\"420\" srcset=\"https:\/\/www.not-tarnow.pl\/wp-content\/uploads\/2022\/06\/287902603_3238437773098969_4040817963664653204_n-1024x683.jpg 1024w, https:\/\/www.not-tarnow.pl\/wp-content\/uploads\/2022\/06\/287902603_3238437773098969_4040817963664653204_n-300x200.jpg 300w, https:\/\/www.not-tarnow.pl\/wp-content\/uploads\/2022\/06\/287902603_3238437773098969_4040817963664653204_n-768x512.jpg 768w, https:\/\/www.not-tarnow.pl\/wp-content\/uploads\/2022\/06\/287902603_3238437773098969_4040817963664653204_n-1536x1024.jpg 1536w, https:\/\/www.not-tarnow.pl\/wp-content\/uploads\/2022\/06\/287902603_3238437773098969_4040817963664653204_n.jpg 2048w\" sizes=\"(max-width: 629px) 100vw, 629px\" \/><\/p>\n<p style=\"line-height: 16.8pt; background: white; box-sizing: border-box; margin: 0cm 0cm 15.0pt 0cm;\" data-uw-styling-context=\"true\"><span style=\"font-size: 10.5pt; font-family: 'Arial','sans-serif'; color: #454545;\">Po z\u0142o\u017ceniu kwiat\u00f3w przed pomnikiem \u201egalicyjskiego geniusza\u201d, o\u00a0godz. 12.30 w\u00a0sali koncertowej Zespo\u0142u Szk\u00f3\u0142 Muzycznych rozpocz\u0119\u0142a si\u0119 Uroczysta Gala Jubileuszowa. Obecni byli na niej parlamentarzy\u015bci ziemi tarnowskiej i\u00a0kro\u015bnie\u0144skiej, w\u0142adze Krosna i\u00a0Tarnowa, przedstawiciele w\u0142adz wojew\u00f3dzkich i\u00a0Rady Miejskiej w\u00a0Tarnowie, a\u00a0tak\u017ce Akademii Nauk Stosowanych w\u00a0Tarnowie i\u00a0Karpackiej Pa\u0144stwowej Uczelni w\u00a0Kro\u015bnie. Nie zabrak\u0142o r\u00f3wnie\u017c reprezentant\u00f3w muze\u00f3w w\u00a0Kro\u015bnie i\u00a0Tarnowie, szk\u00f3\u0142 nosz\u0105cych imi\u0119 Jana Szczepanika oraz licznych organizacji technicznych. Podczas uroczysto\u015bci obecni byli r\u00f3wnie\u017c cz\u0142onkowie rodziny jubilata.<\/span><\/p>\n<p style=\"line-height: 16.8pt; background: white; box-sizing: border-box; margin: 0cm 0cm 15.0pt 0cm;\" data-uw-styling-context=\"true\"><span style=\"font-size: 10.5pt; font-family: 'Arial','sans-serif'; color: #454545;\">W trakcie gali nast\u0105pi\u0142o ods\u0142oni\u0119cie obrazu Jana Szczepanika, kt\u00f3ry wyszed\u0142 spod p\u0119dzla tarnowskiego artysty malarza, Jerzego Martynowa. Odby\u0142o si\u0119 r\u00f3wnie\u017c wr\u0119czenie, fundowanych przez Izb\u0119 Przemys\u0142owo-Handlow\u0105 w\u00a0Tarnowie, statuetek Jana Szczepanika oraz\u00a0przyznawanych przez Stowarzyszenie Elektryk\u00f3w Polskich medali Jana Szczepanika. W\u00a0cz\u0119\u015bci artystycznej wyst\u0105pili uczniowie i\u00a0nauczyciele Zespo\u0142u Szk\u00f3\u0142 Muzycznych w\u00a0Tarnowie. Uczestnicy uroczysto\u015bci mogli tak\u017ce obejrze\u0107 program przygotowany przez uczni\u00f3w Zespo\u0142u Szk\u00f3\u0142 Og\u00f3lnokszta\u0142c\u0105cych i\u00a0Technicznych im. Jana Szczepanika w\u00a0Tarnowie.<\/span><\/p>\n<p style=\"line-height: 16.8pt; background: white; box-sizing: border-box; outline: none !important; margin: 0cm 0cm 15.0pt 0cm;\" data-uw-styling-context=\"true\"><span style=\"font-size: 10.5pt; font-family: 'Arial','sans-serif'; color: #454545;\">Statuetki, kt\u00f3rymi od ponad 20 lat wyr\u00f3\u017cniane s\u0105 wybitne postaci tarnowskiej gospodarki, nauki i\u00a0\u017cycia spo\u0142ecznego, w\u00a0tym roku otrzymali: w\u00a0kategorii naukowej i\u00a0wdro\u017ceniowej \u2013 autor licznych projekt\u00f3w i\u00a0patent\u00f3w, legenda Grupy Azoty, Jan Wais, w\u00a0kategorii gospodarczej \u2013 prezes Bruk-Betu Nieciecza, Krzysztof Witkowski, w\u00a0kategorii naukowo-badawczej \u2013 wyk\u0142adowca Uniwersytetu Ekonomicznego w\u00a0Krakowie, przewodnicz\u0105cy Rady Miejskiej w\u00a0Tarnowie, Jakub Kwa\u015bny, w\u00a0kategorii naukowo-spo\u0142ecznej \u2013 wybitny kosmolog i\u00a0popularyzator nauki, laureat nagrody Templetona, ks. prof. Micha\u0142 Heller oraz Akademia Nauk Stosowanych w\u00a0Tarnowie, w\u00a0kategorii spo\u0142ecznej \u2013 prezydent Krosna, Piotr Przytocki oraz prezes Fundacji im. Jana Szczepanika w\u00a0Tarnowie, Mieczys\u0142aw Czosnyka.<\/span><\/p>\n<p style=\"line-height: 16.8pt; background: white; box-sizing: border-box; margin: 0cm 0cm 15.0pt 0cm;\" data-uw-styling-context=\"true\"><span style=\"font-size: 10.5pt; font-family: 'Arial','sans-serif'; color: #454545;\">Medalami Jana Szczepanika uhonorowano natomiast: prezesa Naczelnej Organizacji Technicznej, Rada w Tarnowie, Renat\u0119 \u0141ab\u0119d\u017a, cz\u0142onka Zarz\u0105du Grupy Azoty S.A., Zbigniewa Paprockiego, prezesa Izby Przemys\u0142owo-Handlowej w Tarnowie, Marka Rzepk\u0119, by\u0142ego dyrektora Zespo\u0142u Szk\u00f3\u0142 Technicznych w Tarnowie, Krzysztofa Ko\u0142aci\u0144skiego oraz Tauron Dystrybucja S.A. Oddzia\u0142 w Tarnowie.\u00a0 <em>(\u017ar\u00f3d\u0142o: tarnow.pl)<\/em><\/span><\/p>\n<p data-uw-styling-context=\"true\"><img decoding=\"async\" loading=\"lazy\" class=\"aligncenter size-large wp-image-3379\" src=\"http:\/\/www.not-tarnow.pl\/wp-content\/uploads\/2022\/06\/organizatorzy2-1024x121.jpg\" alt=\"\" width=\"800\" height=\"95\" srcset=\"https:\/\/www.not-tarnow.pl\/wp-content\/uploads\/2022\/06\/organizatorzy2-1024x121.jpg 1024w, https:\/\/www.not-tarnow.pl\/wp-content\/uploads\/2022\/06\/organizatorzy2-300x35.jpg 300w, https:\/\/www.not-tarnow.pl\/wp-content\/uploads\/2022\/06\/organizatorzy2-768x91.jpg 768w, https:\/\/www.not-tarnow.pl\/wp-content\/uploads\/2022\/06\/organizatorzy2.jpg 1500w\" sizes=\"(max-width: 800px) 100vw, 800px\" \/><\/p>\n<p data-uw-styling-context=\"true\"><img decoding=\"async\" loading=\"lazy\" class=\"aligncenter wp-image-3378\" src=\"http:\/\/www.not-tarnow.pl\/wp-content\/uploads\/2022\/06\/sponsorzy1-1.jpg\" alt=\"\" width=\"639\" height=\"360\" srcset=\"https:\/\/www.not-tarnow.pl\/wp-content\/uploads\/2022\/06\/sponsorzy1-1.jpg 960w, https:\/\/www.not-tarnow.pl\/wp-content\/uploads\/2022\/06\/sponsorzy1-1-300x169.jpg 300w, https:\/\/www.not-tarnow.pl\/wp-content\/uploads\/2022\/06\/sponsorzy1-1-768x432.jpg 768w\" sizes=\"(max-width: 639px) 100vw, 639px\" \/><\/p>\n<p data-uw-styling-context=\"true\">Relacje fotograficzne i filmowe:<\/p>\n<p><a href=\"https:\/\/tarnow.pl\/Dla-mieszkancow\/Galerie-zdjec\/Miasto\/Galeria-Miasto-2022\/Rocznica-150.-urodzin-Jana-Szczepanika\">https:\/\/tarnow.pl\/Dla-mieszkancow\/Galerie-zdjec\/Miasto\/Galeria-Miasto-2022\/Rocznica-150.-urodzin-Jana-Szczepanika<\/a><\/p>\n<p><a href=\"https:\/\/tarnow.pl\/Miasto\/Rok-Jana-Szczepanika\/ARCHIWUM-WYDARZEN\/TARNOW-SWIETOWAL-ROCZNICE-URODZIN-JANA-SZCZEPANIKA\">https:\/\/tarnow.pl\/Miasto\/Rok-Jana-Szczepanika\/ARCHIWUM-WYDARZEN\/TARNOW-SWIETOWAL-ROCZNICE-URODZIN-JANA-SZCZEPANIKA<\/a><\/p>\n<p><a href=\"https:\/\/niezaleznyserwiskadr.pl\/2022\/06\/15\/obchody-150-rocznicy-urodzin-jana-szczepanika\/\">https:\/\/niezaleznyserwiskadr.pl\/2022\/06\/15\/obchody-150-rocznicy-urodzin-jana-szczepanika\/<\/a><\/p>\n<p><a href=\"https:\/\/niezaleznyserwiskadr.pl\/2022\/06\/15\/2225\/\">https:\/\/niezaleznyserwiskadr.pl\/2022\/06\/15\/2225\/<\/a><\/p>\n<p><a href=\"https:\/\/www.temi.pl\/tarnow\/tarnow-swietuje-150-urodziny-jana-szczepanika\/\">https:\/\/www.temi.pl\/tarnow\/tarnow-swietuje-150-urodziny-jana-szczepanika\/<\/a><\/p>\n<p><a href=\"https:\/\/tarnow.ikc.pl\/urodziny-jana-szczepanika-z-rozmachem-zdjecia\/\">https:\/\/tarnow.ikc.pl\/urodziny-jana-szczepanika-z-rozmachem-zdjecia\/<\/a><\/p>\n<p><a href=\"https:\/\/krakow.tvp.pl\/60735065\/obchody-150-rocznicy-urodzin-wynalazcy-jana-szczepanika\">https:\/\/krakow.tvp.pl\/60735065\/obchody-150-rocznicy-urodzin-wynalazcy-jana-szczepanika<\/a><\/p>\n<p><a href=\"https:\/\/www.tarnowska.tv\/galeria\/1517,150-rocznica-urodzin-jana-szczepanika-zdjecia\">https:\/\/www.tarnowska.tv\/galeria\/1517,150-rocznica-urodzin-jana-szczepanika-zdjecia<\/a><\/p>\n<p><a href=\"https:\/\/www.radiokrakow.pl\/aktualnosci\/tarnow\/tarnow-swietuje-150-rocznice-urodzin-genialnego-wynalazcy-jana-szczepanika\">https:\/\/www.radiokrakow.pl\/aktualnosci\/tarnow\/tarnow-swietuje-150-rocznice-urodzin-genialnego-wynalazcy-jana-szczepanika<\/a><\/p>\n<p><a href=\"https:\/\/www.zso.tarnow.pl\/index.php\/w-wolnym-czasie\/galerie-zdjec\/item\/2338-150-rocznica-urodzin-jana-szczepanika\">https:\/\/www.zso.tarnow.pl\/index.php\/w-wolnym-czasie\/galerie-zdjec\/item\/2338-150-rocznica-urodzin-jana-szczepanika<\/a><\/p>\n<p>Filmy:<\/p>\n<p><a href=\"https:\/\/www.youtube.com\/watch?v=Be3W6MX1klc\">https:\/\/www.youtube.com\/watch?v=Be3W6MX1klc<\/a><\/p>\n<p><a href=\"https:\/\/www.temi.pl\/portal\/obchody-150-rocznicy-urodzin-jana-szczepanika-relacja\/\">https:\/\/www.temi.pl\/portal\/obchody-150-rocznicy-urodzin-jana-szczepanika-relacja\/<\/a><\/p>\n<p><a href=\"https:\/\/fb.watch\/dM3F9tDhYD\/\">https:\/\/fb.watch\/dM3F9tDhYD\/<\/a><\/p>\n<p><a href=\"https:\/\/www.facebook.com\/STARnowa.TV\/videos\/611537406571871\">https:\/\/www.facebook.com\/STARnowa.TV\/videos\/611537406571871<\/a>\u00a0 (relacja)<\/p>\n<p>Transmisja z Gali Jubileuszowej: <a href=\"https:\/\/fb.watch\/dHZr8ykuVL\/\">https:\/\/fb.watch\/dHZr8ykuVL\/<\/a><\/p>\n<p>Skr\u00f3t z wydarze\u0144 towarzysz\u0105cych: \u00a0\u00a0<a href=\"https:\/\/www.facebook.com\/STARnowa.TV\/videos\/980396922635143\">https:\/\/www.facebook.com\/STARnowa.TV\/videos\/980396922635143<\/a><\/p>\n<p data-uw-styling-context=\"true\">\n","protected":false},"excerpt":{"rendered":"<p>Jana Szczepanika\u00a0powitano w\u00a0Tarnowie o\u00a0godz. 9. Na plac Sobieskiego przyjecha\u0142 doro\u017ck\u0105, do kt\u00f3rej wsiad\u0142 przed swoim domem na ul. Chopina. P\u00f3\u0142<\/p>\n","protected":false},"author":1,"featured_media":0,"comment_status":"closed","ping_status":"open","sticky":false,"template":"","format":"standard","meta":{"footnotes":""},"categories":[15,12,17],"tags":[],"_links":{"self":[{"href":"https:\/\/www.not-tarnow.pl\/index.php\/wp-json\/wp\/v2\/posts\/3371"}],"collection":[{"href":"https:\/\/www.not-tarnow.pl\/index.php\/wp-json\/wp\/v2\/posts"}],"about":[{"href":"https:\/\/www.not-tarnow.pl\/index.php\/wp-json\/wp\/v2\/types\/post"}],"author":[{"embeddable":true,"href":"https:\/\/www.not-tarnow.pl\/index.php\/wp-json\/wp\/v2\/users\/1"}],"replies":[{"embeddable":true,"href":"https:\/\/www.not-tarnow.pl\/index.php\/wp-json\/wp\/v2\/comments?post=3371"}],"version-history":[{"count":1,"href":"https:\/\/www.not-tarnow.pl\/index.php\/wp-json\/wp\/v2\/posts\/3371\/revisions"}],"predecessor-version":[{"id":3380,"href":"https:\/\/www.not-tarnow.pl\/index.php\/wp-json\/wp\/v2\/posts\/3371\/revisions\/3380"}],"wp:attachment":[{"href":"https:\/\/www.not-tarnow.pl\/index.php\/wp-json\/wp\/v2\/media?parent=3371"}],"wp:term":[{"taxonomy":"category","embeddable":true,"href":"https:\/\/www.not-tarnow.pl\/index.php\/wp-json\/wp\/v2\/categories?post=3371"},{"taxonomy":"post_tag","embeddable":true,"href":"https:\/\/www.not-tarnow.pl\/index.php\/wp-json\/wp\/v2\/tags?post=3371"}],"curies":[{"name":"wp","href":"https:\/\/api.w.org\/{rel}","templated":true}]}}