{"id":3383,"date":"2022-07-28T15:04:23","date_gmt":"2022-07-28T13:04:23","guid":{"rendered":"http:\/\/www.not-tarnow.pl\/?p=3383"},"modified":"2023-07-24T13:11:32","modified_gmt":"2023-07-24T11:11:32","slug":"rok-2022-rokiem-jozefa-wybickiego","status":"publish","type":"post","link":"https:\/\/www.not-tarnow.pl\/index.php\/2022\/07\/rok-2022-rokiem-jozefa-wybickiego\/","title":{"rendered":"Rok 2022 &#8211; Rokiem J\u00f3zefa Wybickiego"},"content":{"rendered":"<p><img decoding=\"async\" loading=\"lazy\" class=\"aligncenter wp-image-3384\" src=\"http:\/\/www.not-tarnow.pl\/wp-content\/uploads\/2022\/07\/JW.jpg\" alt=\"\" width=\"437\" height=\"621\" srcset=\"https:\/\/www.not-tarnow.pl\/wp-content\/uploads\/2022\/07\/JW.jpg 481w, https:\/\/www.not-tarnow.pl\/wp-content\/uploads\/2022\/07\/JW-211x300.jpg 211w\" sizes=\"(max-width: 437px) 100vw, 437px\" \/><\/p>\n<p>Sejm Rzeczypospolitej Polskiej, przekonany o wyj\u0105tkowym znaczeniu dorobku J\u00f3zefa Wybickiego, oddaj\u0105c ho\u0142d jego dokonaniom, ustanowi\u0142 rok 2022 Rokiem J\u00f3zefa Wybickiego.<\/p>\n<p>Ten polski pisarz i polityk zmar\u0142 200 lat temu, 10 marca 1822 w Manieczkach, w Wielkopolsce. Jego najbardziej znanym dzie\u0142em jest \u201ePie\u015b\u0144 Legion\u00f3w Polskich\u201d we W\u0142oszech, kt\u00f3ra p\u00f3\u017aniej zosta\u0142a og\u0142oszona polskim hymnem narodowym.<\/p>\n<p>&nbsp;<\/p>\n","protected":false},"excerpt":{"rendered":"<p>Sejm Rzeczypospolitej Polskiej, przekonany o wyj\u0105tkowym znaczeniu dorobku J\u00f3zefa Wybickiego, oddaj\u0105c ho\u0142d jego dokonaniom, ustanowi\u0142 rok 2022 Rokiem J\u00f3zefa Wybickiego.<\/p>\n","protected":false},"author":1,"featured_media":0,"comment_status":"closed","ping_status":"open","sticky":false,"template":"","format":"standard","meta":{"footnotes":""},"categories":[12,16],"tags":[],"_links":{"self":[{"href":"https:\/\/www.not-tarnow.pl\/index.php\/wp-json\/wp\/v2\/posts\/3383"}],"collection":[{"href":"https:\/\/www.not-tarnow.pl\/index.php\/wp-json\/wp\/v2\/posts"}],"about":[{"href":"https:\/\/www.not-tarnow.pl\/index.php\/wp-json\/wp\/v2\/types\/post"}],"author":[{"embeddable":true,"href":"https:\/\/www.not-tarnow.pl\/index.php\/wp-json\/wp\/v2\/users\/1"}],"replies":[{"embeddable":true,"href":"https:\/\/www.not-tarnow.pl\/index.php\/wp-json\/wp\/v2\/comments?post=3383"}],"version-history":[{"count":3,"href":"https:\/\/www.not-tarnow.pl\/index.php\/wp-json\/wp\/v2\/posts\/3383\/revisions"}],"predecessor-version":[{"id":3846,"href":"https:\/\/www.not-tarnow.pl\/index.php\/wp-json\/wp\/v2\/posts\/3383\/revisions\/3846"}],"wp:attachment":[{"href":"https:\/\/www.not-tarnow.pl\/index.php\/wp-json\/wp\/v2\/media?parent=3383"}],"wp:term":[{"taxonomy":"category","embeddable":true,"href":"https:\/\/www.not-tarnow.pl\/index.php\/wp-json\/wp\/v2\/categories?post=3383"},{"taxonomy":"post_tag","embeddable":true,"href":"https:\/\/www.not-tarnow.pl\/index.php\/wp-json\/wp\/v2\/tags?post=3383"}],"curies":[{"name":"wp","href":"https:\/\/api.w.org\/{rel}","templated":true}]}}