{"id":3519,"date":"2022-11-22T14:09:16","date_gmt":"2022-11-22T13:09:16","guid":{"rendered":"http:\/\/www.not-tarnow.pl\/?p=3519"},"modified":"2022-11-22T14:09:16","modified_gmt":"2022-11-22T13:09:16","slug":"jan-szczepanik-wystawa-filatelistyczna","status":"publish","type":"post","link":"https:\/\/www.not-tarnow.pl\/index.php\/2022\/11\/jan-szczepanik-wystawa-filatelistyczna\/","title":{"rendered":"Jan Szczepanik \u2013 wystawa filatelistyczna"},"content":{"rendered":"<p>21 listopada w\u00a0Multimedialnym Centrum Artystycznym Prezes NOT Tarn\u00f3w uczestniczy\u0142a w wernisa\u017cu Krajowej, Specjalistycznej, Wirtualnej Wystawy Filatelistycznej II stopnia zwi\u0105zanej z\u00a0polskim Edisonem.<\/p>\n<p>Ekspozycja jest konkursow\u0105 wystaw\u0105 wirtualn\u0105 II stopnia o\u00a0zasi\u0119gu krajowym i\u00a0odbywa si\u0119 w\u00a0roku 150. rocznicy urodzin\u00a0Jana Szczepanika. Wystawa obejmuje 30 eksponat\u00f3w, w\u00a05 klasach wystawowych, od 26 wystawc\u00f3w. Do obejrzenia jest \u0142\u0105cznie ponad 1900 kart.<\/p>\n<p>Wystawa b\u0119dzie czynna tylko do 24 listopada w\u00a0godzinach od 9 do 17. Wst\u0119p jest wolny.<\/p>\n<p>Szczeg\u00f3\u0142y: <a href=\"https:\/\/tarnow.pl\/Dla-mieszkancow\/Galerie-zdjec\/Kultura\/Galeria-Kultura-2022\/Jan-Szczepanik-Wystawa-Filatelistyczna\">tarnow.pl<\/a><\/p>\n<p><img decoding=\"async\" loading=\"lazy\" class=\"aligncenter  wp-image-3521\" src=\"http:\/\/www.not-tarnow.pl\/wp-content\/uploads\/2022\/11\/TPL_9295.jpg\" alt=\"\" width=\"699\" height=\"465\" srcset=\"https:\/\/www.not-tarnow.pl\/wp-content\/uploads\/2022\/11\/TPL_9295.jpg 1202w, https:\/\/www.not-tarnow.pl\/wp-content\/uploads\/2022\/11\/TPL_9295-300x200.jpg 300w, https:\/\/www.not-tarnow.pl\/wp-content\/uploads\/2022\/11\/TPL_9295-1024x682.jpg 1024w, https:\/\/www.not-tarnow.pl\/wp-content\/uploads\/2022\/11\/TPL_9295-768x511.jpg 768w\" sizes=\"(max-width: 699px) 100vw, 699px\" \/><img decoding=\"async\" loading=\"lazy\" class=\"aligncenter  wp-image-3520\" src=\"http:\/\/www.not-tarnow.pl\/wp-content\/uploads\/2022\/11\/TPL_9279-1024x682.jpg\" alt=\"\" width=\"699\" height=\"466\" srcset=\"https:\/\/www.not-tarnow.pl\/wp-content\/uploads\/2022\/11\/TPL_9279-1024x682.jpg 1024w, https:\/\/www.not-tarnow.pl\/wp-content\/uploads\/2022\/11\/TPL_9279-300x200.jpg 300w, https:\/\/www.not-tarnow.pl\/wp-content\/uploads\/2022\/11\/TPL_9279-768x511.jpg 768w, https:\/\/www.not-tarnow.pl\/wp-content\/uploads\/2022\/11\/TPL_9279.jpg 1202w\" sizes=\"(max-width: 699px) 100vw, 699px\" \/><\/p>\n","protected":false},"excerpt":{"rendered":"<p>21 listopada w\u00a0Multimedialnym Centrum Artystycznym Prezes NOT Tarn\u00f3w uczestniczy\u0142a w wernisa\u017cu Krajowej, Specjalistycznej, Wirtualnej Wystawy Filatelistycznej II stopnia zwi\u0105zanej z\u00a0polskim<\/p>\n","protected":false},"author":1,"featured_media":0,"comment_status":"closed","ping_status":"open","sticky":false,"template":"","format":"standard","meta":{"footnotes":""},"categories":[12,17],"tags":[],"_links":{"self":[{"href":"https:\/\/www.not-tarnow.pl\/index.php\/wp-json\/wp\/v2\/posts\/3519"}],"collection":[{"href":"https:\/\/www.not-tarnow.pl\/index.php\/wp-json\/wp\/v2\/posts"}],"about":[{"href":"https:\/\/www.not-tarnow.pl\/index.php\/wp-json\/wp\/v2\/types\/post"}],"author":[{"embeddable":true,"href":"https:\/\/www.not-tarnow.pl\/index.php\/wp-json\/wp\/v2\/users\/1"}],"replies":[{"embeddable":true,"href":"https:\/\/www.not-tarnow.pl\/index.php\/wp-json\/wp\/v2\/comments?post=3519"}],"version-history":[{"count":1,"href":"https:\/\/www.not-tarnow.pl\/index.php\/wp-json\/wp\/v2\/posts\/3519\/revisions"}],"predecessor-version":[{"id":3522,"href":"https:\/\/www.not-tarnow.pl\/index.php\/wp-json\/wp\/v2\/posts\/3519\/revisions\/3522"}],"wp:attachment":[{"href":"https:\/\/www.not-tarnow.pl\/index.php\/wp-json\/wp\/v2\/media?parent=3519"}],"wp:term":[{"taxonomy":"category","embeddable":true,"href":"https:\/\/www.not-tarnow.pl\/index.php\/wp-json\/wp\/v2\/categories?post=3519"},{"taxonomy":"post_tag","embeddable":true,"href":"https:\/\/www.not-tarnow.pl\/index.php\/wp-json\/wp\/v2\/tags?post=3519"}],"curies":[{"name":"wp","href":"https:\/\/api.w.org\/{rel}","templated":true}]}}