{"id":3524,"date":"2022-12-01T11:51:41","date_gmt":"2022-12-01T10:51:41","guid":{"rendered":"http:\/\/www.not-tarnow.pl\/?p=3524"},"modified":"2022-12-01T12:01:41","modified_gmt":"2022-12-01T11:01:41","slug":"forum-gospodarcze-w-tarnowie","status":"publish","type":"post","link":"https:\/\/www.not-tarnow.pl\/index.php\/2022\/12\/forum-gospodarcze-w-tarnowie\/","title":{"rendered":"Forum Gospodarcze w Tarnowie"},"content":{"rendered":"<p><strong><em>\u201ePrzysz\u0142o\u015b\u0107 jest teraz. Gospodarka bez wr\u00f3\u017cenia z fus\u00f3w<\/em><\/strong>\u201d \u2013 to has\u0142o odbywaj\u0105cego si\u0119 w Tarnowie w dniach <strong>28-29 listopada Forum Gospodarczego<\/strong>, w kt\u00f3rym na zaproszenie Prezydenta Miasta, uczestniczy\u0142a r\u00f3wnie\u017c Prezes NOT Tarn\u00f3w Renata \u0141ab\u0119d\u017a.<\/p>\n<p>W trakcie Forum go\u015bcie i szerokie grono ekspert\u00f3w debatowali nad takimi kluczowymi zagadnieniami jak: bezpiecze\u0144stwo energetyczne, reindustrializacja, gospodarka cyfrowa, rewolucja elektryczna w motoryzacji czy polityka klimatyczna.<\/p>\n<p>W\u015br\u00f3d temat\u00f3w paneli dyskusyjnych by\u0142y m.in.: \u201ePolityka spo\u0142eczna a rozw\u00f3j gospodarczy\u201d, \u201eW jaki spos\u00f3b optymalizowa\u0107 wydatki w ochronie zdrowia?\u201d, \u201ePrywatna, pa\u0144stwowa, sp\u00f3\u0142dzielcza i komunalna \u2013 czy forma w\u0142asno\u015bci ma wp\u0142yw na funkcjonowanie biznesu?\u201d, \u201ePrzemys\u0142 sportowy &#8211; jak mo\u017cna zarobi\u0107 na aktywno\u015bci fizycznej?\u201d, \u201eInfrastruktura \u2013 klucz do rozwoju region\u00f3w\u201d, \u201eInnowacje w energetyce \u2013 bariery i wyzwania na nast\u0119pne dekady\u201d, \u201eGeopolityczne i gospodarcze konsekwencje wojny na Ukrainie\u201d, \u201eWyzwania finansowe samorz\u0105d\u00f3w w obliczu kryzysu gospodarczego\u201d.<\/p>\n<p><img decoding=\"async\" loading=\"lazy\" class=\"aligncenter wp-image-3529\" src=\"http:\/\/www.not-tarnow.pl\/wp-content\/uploads\/2022\/12\/317444801_506251324867235_2579886931800048925_n-683x1024.jpg\" alt=\"\" width=\"433\" height=\"649\" srcset=\"https:\/\/www.not-tarnow.pl\/wp-content\/uploads\/2022\/12\/317444801_506251324867235_2579886931800048925_n-683x1024.jpg 683w, https:\/\/www.not-tarnow.pl\/wp-content\/uploads\/2022\/12\/317444801_506251324867235_2579886931800048925_n-200x300.jpg 200w, https:\/\/www.not-tarnow.pl\/wp-content\/uploads\/2022\/12\/317444801_506251324867235_2579886931800048925_n-768x1152.jpg 768w, https:\/\/www.not-tarnow.pl\/wp-content\/uploads\/2022\/12\/317444801_506251324867235_2579886931800048925_n-1024x1536.jpg 1024w, https:\/\/www.not-tarnow.pl\/wp-content\/uploads\/2022\/12\/317444801_506251324867235_2579886931800048925_n.jpg 1365w\" sizes=\"(max-width: 433px) 100vw, 433px\" \/><\/p>\n<p><img decoding=\"async\" loading=\"lazy\" class=\"aligncenter wp-image-3526\" src=\"http:\/\/www.not-tarnow.pl\/wp-content\/uploads\/2022\/12\/TPL_0580-1024x682.jpg\" alt=\"\" width=\"648\" height=\"432\" srcset=\"https:\/\/www.not-tarnow.pl\/wp-content\/uploads\/2022\/12\/TPL_0580-1024x682.jpg 1024w, https:\/\/www.not-tarnow.pl\/wp-content\/uploads\/2022\/12\/TPL_0580-300x200.jpg 300w, https:\/\/www.not-tarnow.pl\/wp-content\/uploads\/2022\/12\/TPL_0580-768x511.jpg 768w, https:\/\/www.not-tarnow.pl\/wp-content\/uploads\/2022\/12\/TPL_0580.jpg 1202w\" sizes=\"(max-width: 648px) 100vw, 648px\" \/><img decoding=\"async\" loading=\"lazy\" class=\"aligncenter  wp-image-3525\" src=\"http:\/\/www.not-tarnow.pl\/wp-content\/uploads\/2022\/12\/317333391_506252458200455_9148594388565841727_n-1024x683.jpg\" alt=\"\" width=\"650\" height=\"434\" srcset=\"https:\/\/www.not-tarnow.pl\/wp-content\/uploads\/2022\/12\/317333391_506252458200455_9148594388565841727_n-1024x683.jpg 1024w, https:\/\/www.not-tarnow.pl\/wp-content\/uploads\/2022\/12\/317333391_506252458200455_9148594388565841727_n-300x200.jpg 300w, https:\/\/www.not-tarnow.pl\/wp-content\/uploads\/2022\/12\/317333391_506252458200455_9148594388565841727_n-768x512.jpg 768w, https:\/\/www.not-tarnow.pl\/wp-content\/uploads\/2022\/12\/317333391_506252458200455_9148594388565841727_n-1536x1024.jpg 1536w, https:\/\/www.not-tarnow.pl\/wp-content\/uploads\/2022\/12\/317333391_506252458200455_9148594388565841727_n.jpg 2048w\" sizes=\"(max-width: 650px) 100vw, 650px\" \/><\/p>\n","protected":false},"excerpt":{"rendered":"<p>\u201ePrzysz\u0142o\u015b\u0107 jest teraz. Gospodarka bez wr\u00f3\u017cenia z fus\u00f3w\u201d \u2013 to has\u0142o odbywaj\u0105cego si\u0119 w Tarnowie w dniach 28-29 listopada Forum<\/p>\n","protected":false},"author":1,"featured_media":0,"comment_status":"closed","ping_status":"open","sticky":false,"template":"","format":"standard","meta":{"footnotes":""},"categories":[12],"tags":[],"_links":{"self":[{"href":"https:\/\/www.not-tarnow.pl\/index.php\/wp-json\/wp\/v2\/posts\/3524"}],"collection":[{"href":"https:\/\/www.not-tarnow.pl\/index.php\/wp-json\/wp\/v2\/posts"}],"about":[{"href":"https:\/\/www.not-tarnow.pl\/index.php\/wp-json\/wp\/v2\/types\/post"}],"author":[{"embeddable":true,"href":"https:\/\/www.not-tarnow.pl\/index.php\/wp-json\/wp\/v2\/users\/1"}],"replies":[{"embeddable":true,"href":"https:\/\/www.not-tarnow.pl\/index.php\/wp-json\/wp\/v2\/comments?post=3524"}],"version-history":[{"count":5,"href":"https:\/\/www.not-tarnow.pl\/index.php\/wp-json\/wp\/v2\/posts\/3524\/revisions"}],"predecessor-version":[{"id":3532,"href":"https:\/\/www.not-tarnow.pl\/index.php\/wp-json\/wp\/v2\/posts\/3524\/revisions\/3532"}],"wp:attachment":[{"href":"https:\/\/www.not-tarnow.pl\/index.php\/wp-json\/wp\/v2\/media?parent=3524"}],"wp:term":[{"taxonomy":"category","embeddable":true,"href":"https:\/\/www.not-tarnow.pl\/index.php\/wp-json\/wp\/v2\/categories?post=3524"},{"taxonomy":"post_tag","embeddable":true,"href":"https:\/\/www.not-tarnow.pl\/index.php\/wp-json\/wp\/v2\/tags?post=3524"}],"curies":[{"name":"wp","href":"https:\/\/api.w.org\/{rel}","templated":true}]}}