{"id":3622,"date":"2023-02-17T12:09:24","date_gmt":"2023-02-17T11:09:24","guid":{"rendered":"http:\/\/www.not-tarnow.pl\/?p=3622"},"modified":"2023-08-31T10:27:15","modified_gmt":"2023-08-31T08:27:15","slug":"17-02-2023-r-uroczyste-zebranie-rady-not-w-tarnowie","status":"publish","type":"post","link":"https:\/\/www.not-tarnow.pl\/index.php\/2023\/02\/17-02-2023-r-uroczyste-zebranie-rady-not-w-tarnowie\/","title":{"rendered":"Uroczyste Zebranie Rady NOT w Tarnowie z otwarciem polichromii sali konferencyjnej"},"content":{"rendered":"<p>Dnia 17 lutego br. odby\u0142o si\u0119 <strong>uroczyste zebranie Rady NOT FSNT Rada w Tarnowie <\/strong>po\u0142\u0105czone z prezentacj\u0105 <strong>polichromii w sali konferencyjnej Domu Technika NOT w Tarnowie<\/strong>. Na spotkaniu obecna by\u0142a autorka polichromii &#8211; dr Anna \u015aliwi\u0144ska. Polichromia przedstawia historyczne elementy Tarnowa i dwie postaci zwi\u0105zane ze \u015brodowiskiem in\u017cynierskim &#8211; J\u00f3zefa Bema i Jana Szczepanika.<\/p>\n<p>Dom Technika Naczelnej Organizacji Techniczne Rada w Tarnowie przy Rynku 10 mo\u017ce poszczyci\u0107 si\u0119 od jesieni 2022 roku nowym wystrojem Sali konferencyjnej na II pi\u0119trze. W sali tej zosta\u0142a wykonana pi\u0119kna polichromia autorstwa pani dr Anny \u015aliwi\u0144skiej. Polichromia ma charakter historyczno-tarnowski. Na czterech ods\u0142onach pokazane s\u0105 charakterystyczne fragmenty zabytkowego Tarnowa pocz\u0105wszy od ruin Zamku na G\u00f3rze \u015bw. Marcina z postaci\u0105 rycerza zmierzaj\u0105c\u0105 do miasta, poprzez panoram\u0119 ulicy Krakowskiej, Rynek i zabytkowy Dworzec Kolejowy. Elementem \u0142\u0105cz\u0105cym histori\u0119, tradycje z nowoczesno\u015bci\u0105 i innowacyjno\u015bci\u0105 jest poci\u0105g pendolino na frontowej \u015bcianie pomi\u0119dzy oknami z widokiem na Tarnowski Ratusz. I jeszcze dwie postacie z kr\u0119gu \u015brodowiska in\u017cynierskiego \u2013 to J\u00f3zef Bem \u2013 tarnowianin, genera\u0142 &#8211; in\u017cynier uznany za protoplast\u0119 stowarzysze\u0144 technicznych NOT oraz Jan Szczepanik \u2013 genialny wynalazca, wizjoner, pracuj\u0105cy i mieszkaj\u0105cy wraz z rodzin\u0105 w Tarnowie. Spoczywa na tarnowskim Starym Cmentarzu.<\/p>\n<p><img decoding=\"async\" loading=\"lazy\" class=\"aligncenter size-large wp-image-3638\" src=\"http:\/\/www.not-tarnow.pl\/wp-content\/uploads\/2023\/02\/DSC4008-1024x684.jpg\" alt=\"\" width=\"800\" height=\"534\" srcset=\"https:\/\/www.not-tarnow.pl\/wp-content\/uploads\/2023\/02\/DSC4008-1024x684.jpg 1024w, https:\/\/www.not-tarnow.pl\/wp-content\/uploads\/2023\/02\/DSC4008-300x200.jpg 300w, https:\/\/www.not-tarnow.pl\/wp-content\/uploads\/2023\/02\/DSC4008-768x513.jpg 768w, https:\/\/www.not-tarnow.pl\/wp-content\/uploads\/2023\/02\/DSC4008-1536x1025.jpg 1536w, https:\/\/www.not-tarnow.pl\/wp-content\/uploads\/2023\/02\/DSC4008-2048x1367.jpg 2048w\" sizes=\"(max-width: 800px) 100vw, 800px\" \/><img decoding=\"async\" loading=\"lazy\" class=\"aligncenter size-large wp-image-3633\" src=\"http:\/\/www.not-tarnow.pl\/wp-content\/uploads\/2023\/02\/DSC3965-1024x684.jpg\" alt=\"\" width=\"800\" height=\"534\" srcset=\"https:\/\/www.not-tarnow.pl\/wp-content\/uploads\/2023\/02\/DSC3965-1024x684.jpg 1024w, https:\/\/www.not-tarnow.pl\/wp-content\/uploads\/2023\/02\/DSC3965-300x200.jpg 300w, https:\/\/www.not-tarnow.pl\/wp-content\/uploads\/2023\/02\/DSC3965-768x513.jpg 768w, https:\/\/www.not-tarnow.pl\/wp-content\/uploads\/2023\/02\/DSC3965-1536x1025.jpg 1536w, https:\/\/www.not-tarnow.pl\/wp-content\/uploads\/2023\/02\/DSC3965-2048x1367.jpg 2048w\" sizes=\"(max-width: 800px) 100vw, 800px\" \/> <img decoding=\"async\" loading=\"lazy\" class=\"aligncenter size-large wp-image-3634\" src=\"http:\/\/www.not-tarnow.pl\/wp-content\/uploads\/2023\/02\/DSC3969-1024x684.jpg\" alt=\"\" width=\"800\" height=\"534\" srcset=\"https:\/\/www.not-tarnow.pl\/wp-content\/uploads\/2023\/02\/DSC3969-1024x684.jpg 1024w, https:\/\/www.not-tarnow.pl\/wp-content\/uploads\/2023\/02\/DSC3969-300x200.jpg 300w, https:\/\/www.not-tarnow.pl\/wp-content\/uploads\/2023\/02\/DSC3969-768x513.jpg 768w, https:\/\/www.not-tarnow.pl\/wp-content\/uploads\/2023\/02\/DSC3969-1536x1025.jpg 1536w, https:\/\/www.not-tarnow.pl\/wp-content\/uploads\/2023\/02\/DSC3969-2048x1367.jpg 2048w\" sizes=\"(max-width: 800px) 100vw, 800px\" \/><img decoding=\"async\" loading=\"lazy\" class=\"aligncenter size-large wp-image-3632\" src=\"http:\/\/www.not-tarnow.pl\/wp-content\/uploads\/2023\/02\/DSC3960-1024x684.jpg\" alt=\"\" width=\"800\" height=\"534\" srcset=\"https:\/\/www.not-tarnow.pl\/wp-content\/uploads\/2023\/02\/DSC3960-1024x684.jpg 1024w, https:\/\/www.not-tarnow.pl\/wp-content\/uploads\/2023\/02\/DSC3960-300x200.jpg 300w, https:\/\/www.not-tarnow.pl\/wp-content\/uploads\/2023\/02\/DSC3960-768x513.jpg 768w, https:\/\/www.not-tarnow.pl\/wp-content\/uploads\/2023\/02\/DSC3960-1536x1025.jpg 1536w, https:\/\/www.not-tarnow.pl\/wp-content\/uploads\/2023\/02\/DSC3960-2048x1367.jpg 2048w\" sizes=\"(max-width: 800px) 100vw, 800px\" \/> <img decoding=\"async\" loading=\"lazy\" class=\"aligncenter size-large wp-image-3636\" src=\"http:\/\/www.not-tarnow.pl\/wp-content\/uploads\/2023\/02\/DSC4016-1024x684.jpg\" alt=\"\" width=\"800\" height=\"534\" srcset=\"https:\/\/www.not-tarnow.pl\/wp-content\/uploads\/2023\/02\/DSC4016-1024x684.jpg 1024w, https:\/\/www.not-tarnow.pl\/wp-content\/uploads\/2023\/02\/DSC4016-300x200.jpg 300w, https:\/\/www.not-tarnow.pl\/wp-content\/uploads\/2023\/02\/DSC4016-768x513.jpg 768w, https:\/\/www.not-tarnow.pl\/wp-content\/uploads\/2023\/02\/DSC4016-1536x1025.jpg 1536w, https:\/\/www.not-tarnow.pl\/wp-content\/uploads\/2023\/02\/DSC4016-2048x1367.jpg 2048w\" sizes=\"(max-width: 800px) 100vw, 800px\" \/><img decoding=\"async\" loading=\"lazy\" class=\"aligncenter size-large wp-image-3639\" src=\"http:\/\/www.not-tarnow.pl\/wp-content\/uploads\/2023\/02\/20230217_173527.1-1024x768.jpg\" alt=\"\" width=\"800\" height=\"600\" srcset=\"https:\/\/www.not-tarnow.pl\/wp-content\/uploads\/2023\/02\/20230217_173527.1-1024x768.jpg 1024w, https:\/\/www.not-tarnow.pl\/wp-content\/uploads\/2023\/02\/20230217_173527.1-300x225.jpg 300w, https:\/\/www.not-tarnow.pl\/wp-content\/uploads\/2023\/02\/20230217_173527.1-768x576.jpg 768w, https:\/\/www.not-tarnow.pl\/wp-content\/uploads\/2023\/02\/20230217_173527.1-1536x1151.jpg 1536w, https:\/\/www.not-tarnow.pl\/wp-content\/uploads\/2023\/02\/20230217_173527.1-2048x1535.jpg 2048w\" sizes=\"(max-width: 800px) 100vw, 800px\" \/> <img decoding=\"async\" loading=\"lazy\" class=\"aligncenter size-large wp-image-3637\" src=\"http:\/\/www.not-tarnow.pl\/wp-content\/uploads\/2023\/02\/DSC4024-1024x684.jpg\" alt=\"\" width=\"800\" height=\"534\" srcset=\"https:\/\/www.not-tarnow.pl\/wp-content\/uploads\/2023\/02\/DSC4024-1024x684.jpg 1024w, https:\/\/www.not-tarnow.pl\/wp-content\/uploads\/2023\/02\/DSC4024-300x200.jpg 300w, https:\/\/www.not-tarnow.pl\/wp-content\/uploads\/2023\/02\/DSC4024-768x513.jpg 768w, https:\/\/www.not-tarnow.pl\/wp-content\/uploads\/2023\/02\/DSC4024-1536x1025.jpg 1536w, https:\/\/www.not-tarnow.pl\/wp-content\/uploads\/2023\/02\/DSC4024-2048x1367.jpg 2048w\" sizes=\"(max-width: 800px) 100vw, 800px\" \/><\/p>\n<p><em>fot. Eugeniusz Tadel<\/em><\/p>\n<p>Autorka filmu: Lidia Ja\u017awi\u0144ska (Niezale\u017cny Serwis KADR) prezentuje w ca\u0142ej okaza\u0142o\u015bci polichromi\u0119 w sali konferencyjnej, kliknij w link: <a href=\"https:\/\/fb.watch\/jk6UamyvQT\/\">https:\/\/fb.watch\/jk6UamyvQT\/<\/a><\/p>\n","protected":false},"excerpt":{"rendered":"<p>Dnia 17 lutego br. odby\u0142o si\u0119 uroczyste zebranie Rady NOT FSNT Rada w Tarnowie po\u0142\u0105czone z prezentacj\u0105 polichromii w sali<\/p>\n","protected":false},"author":1,"featured_media":0,"comment_status":"closed","ping_status":"open","sticky":false,"template":"","format":"standard","meta":{"footnotes":""},"categories":[12],"tags":[],"_links":{"self":[{"href":"https:\/\/www.not-tarnow.pl\/index.php\/wp-json\/wp\/v2\/posts\/3622"}],"collection":[{"href":"https:\/\/www.not-tarnow.pl\/index.php\/wp-json\/wp\/v2\/posts"}],"about":[{"href":"https:\/\/www.not-tarnow.pl\/index.php\/wp-json\/wp\/v2\/types\/post"}],"author":[{"embeddable":true,"href":"https:\/\/www.not-tarnow.pl\/index.php\/wp-json\/wp\/v2\/users\/1"}],"replies":[{"embeddable":true,"href":"https:\/\/www.not-tarnow.pl\/index.php\/wp-json\/wp\/v2\/comments?post=3622"}],"version-history":[{"count":9,"href":"https:\/\/www.not-tarnow.pl\/index.php\/wp-json\/wp\/v2\/posts\/3622\/revisions"}],"predecessor-version":[{"id":3997,"href":"https:\/\/www.not-tarnow.pl\/index.php\/wp-json\/wp\/v2\/posts\/3622\/revisions\/3997"}],"wp:attachment":[{"href":"https:\/\/www.not-tarnow.pl\/index.php\/wp-json\/wp\/v2\/media?parent=3622"}],"wp:term":[{"taxonomy":"category","embeddable":true,"href":"https:\/\/www.not-tarnow.pl\/index.php\/wp-json\/wp\/v2\/categories?post=3622"},{"taxonomy":"post_tag","embeddable":true,"href":"https:\/\/www.not-tarnow.pl\/index.php\/wp-json\/wp\/v2\/tags?post=3622"}],"curies":[{"name":"wp","href":"https:\/\/api.w.org\/{rel}","templated":true}]}}