{"id":3650,"date":"2023-03-11T12:24:20","date_gmt":"2023-03-11T11:24:20","guid":{"rendered":"http:\/\/www.not-tarnow.pl\/?p=3650"},"modified":"2023-12-07T15:49:20","modified_gmt":"2023-12-07T14:49:20","slug":"wycieczka-techniczna-do-ciezkowic","status":"publish","type":"post","link":"https:\/\/www.not-tarnow.pl\/index.php\/2023\/03\/wycieczka-techniczna-do-ciezkowic\/","title":{"rendered":"\u015acie\u017cka w koronach drzew w Ci\u0119\u017ckowicach &#8211; wyjazd techniczny 22.03.2023"},"content":{"rendered":"<p>22 marca 2023 r. wsp\u00f3lnie z MOIIB zorganizowali\u015bmy wyjazd techniczny w ramach programu Akademia In\u017cyniera pt. <strong>&#8222;Budowa przyrodniczo-edukacyjnej \u015bcie\u017cki w koronach drzew wraz z edukacyjnym szlakiem nietoperzowym &#8211; w ramach projektu \u201eZIEMIA &#8211; WODA \u2013 POWIETRZE\u201d Ma\u0142opolskie Centrum Edukacji Ekologicznej w Ci\u0119\u017ckowicach&#8221;<\/strong>.<\/p>\n<p>Trasa \u015acie\u017cki o d\u0142ugo\u015bci przekraczaj\u0105cej 1 000 metr\u00f3w wznosi si\u0119 na swoim najwy\u017cszym punkcie a\u017c o 22 metry nad ziemi\u0105. Na ca\u0142ej d\u0142ugo\u015bci trasy znajduj\u0105 si\u0119 stanowiska ekologiczno-edukacyjne i stanowiska do \u0107wicze\u0144 sprawno\u015bciowych. Dodatkowo, rozstawione s\u0105 punkty widokowe, kt\u00f3re umo\u017cliwiaj\u0105 podziwianie Pasma Brzanki \u2013 pere\u0142ki Pog\u00f3rza Ci\u0119\u017ckowickiego.<\/p>\n<p><img decoding=\"async\" loading=\"lazy\" class=\"aligncenter size-large wp-image-3694\" src=\"http:\/\/www.not-tarnow.pl\/wp-content\/uploads\/2023\/03\/20230322_121048-1024x576.jpg\" alt=\"\" width=\"800\" height=\"450\" srcset=\"https:\/\/www.not-tarnow.pl\/wp-content\/uploads\/2023\/03\/20230322_121048-1024x576.jpg 1024w, https:\/\/www.not-tarnow.pl\/wp-content\/uploads\/2023\/03\/20230322_121048-300x169.jpg 300w, https:\/\/www.not-tarnow.pl\/wp-content\/uploads\/2023\/03\/20230322_121048-768x432.jpg 768w, https:\/\/www.not-tarnow.pl\/wp-content\/uploads\/2023\/03\/20230322_121048-1536x864.jpg 1536w, https:\/\/www.not-tarnow.pl\/wp-content\/uploads\/2023\/03\/20230322_121048-2048x1152.jpg 2048w\" sizes=\"(max-width: 800px) 100vw, 800px\" \/> <img decoding=\"async\" loading=\"lazy\" class=\"aligncenter size-large wp-image-3696\" src=\"http:\/\/www.not-tarnow.pl\/wp-content\/uploads\/2023\/03\/20230322_122919-1024x576.jpg\" alt=\"\" width=\"800\" height=\"450\" srcset=\"https:\/\/www.not-tarnow.pl\/wp-content\/uploads\/2023\/03\/20230322_122919-1024x576.jpg 1024w, https:\/\/www.not-tarnow.pl\/wp-content\/uploads\/2023\/03\/20230322_122919-300x169.jpg 300w, https:\/\/www.not-tarnow.pl\/wp-content\/uploads\/2023\/03\/20230322_122919-768x432.jpg 768w, https:\/\/www.not-tarnow.pl\/wp-content\/uploads\/2023\/03\/20230322_122919-1536x864.jpg 1536w, https:\/\/www.not-tarnow.pl\/wp-content\/uploads\/2023\/03\/20230322_122919-2048x1152.jpg 2048w\" sizes=\"(max-width: 800px) 100vw, 800px\" \/> <img decoding=\"async\" loading=\"lazy\" class=\"aligncenter size-large wp-image-3697\" src=\"http:\/\/www.not-tarnow.pl\/wp-content\/uploads\/2023\/03\/20230322_125739-1024x576.jpg\" alt=\"\" width=\"800\" height=\"450\" srcset=\"https:\/\/www.not-tarnow.pl\/wp-content\/uploads\/2023\/03\/20230322_125739-1024x576.jpg 1024w, https:\/\/www.not-tarnow.pl\/wp-content\/uploads\/2023\/03\/20230322_125739-300x169.jpg 300w, https:\/\/www.not-tarnow.pl\/wp-content\/uploads\/2023\/03\/20230322_125739-768x432.jpg 768w, https:\/\/www.not-tarnow.pl\/wp-content\/uploads\/2023\/03\/20230322_125739-1536x864.jpg 1536w, https:\/\/www.not-tarnow.pl\/wp-content\/uploads\/2023\/03\/20230322_125739-2048x1152.jpg 2048w\" sizes=\"(max-width: 800px) 100vw, 800px\" \/><img decoding=\"async\" loading=\"lazy\" class=\"aligncenter size-full wp-image-3669\" src=\"http:\/\/www.not-tarnow.pl\/wp-content\/uploads\/2023\/03\/Wyjazd_Ciezkowice_22.03.2023-1.jpg\" alt=\"\" width=\"960\" height=\"720\" srcset=\"https:\/\/www.not-tarnow.pl\/wp-content\/uploads\/2023\/03\/Wyjazd_Ciezkowice_22.03.2023-1.jpg 960w, https:\/\/www.not-tarnow.pl\/wp-content\/uploads\/2023\/03\/Wyjazd_Ciezkowice_22.03.2023-1-300x225.jpg 300w, https:\/\/www.not-tarnow.pl\/wp-content\/uploads\/2023\/03\/Wyjazd_Ciezkowice_22.03.2023-1-768x576.jpg 768w\" sizes=\"(max-width: 960px) 100vw, 960px\" \/><\/p>\n","protected":false},"excerpt":{"rendered":"<p>22 marca 2023 r. wsp\u00f3lnie z MOIIB zorganizowali\u015bmy wyjazd techniczny w ramach programu Akademia In\u017cyniera pt. &#8222;Budowa przyrodniczo-edukacyjnej \u015bcie\u017cki w<\/p>\n","protected":false},"author":1,"featured_media":0,"comment_status":"closed","ping_status":"open","sticky":false,"template":"","format":"standard","meta":{"footnotes":""},"categories":[12],"tags":[],"_links":{"self":[{"href":"https:\/\/www.not-tarnow.pl\/index.php\/wp-json\/wp\/v2\/posts\/3650"}],"collection":[{"href":"https:\/\/www.not-tarnow.pl\/index.php\/wp-json\/wp\/v2\/posts"}],"about":[{"href":"https:\/\/www.not-tarnow.pl\/index.php\/wp-json\/wp\/v2\/types\/post"}],"author":[{"embeddable":true,"href":"https:\/\/www.not-tarnow.pl\/index.php\/wp-json\/wp\/v2\/users\/1"}],"replies":[{"embeddable":true,"href":"https:\/\/www.not-tarnow.pl\/index.php\/wp-json\/wp\/v2\/comments?post=3650"}],"version-history":[{"count":8,"href":"https:\/\/www.not-tarnow.pl\/index.php\/wp-json\/wp\/v2\/posts\/3650\/revisions"}],"predecessor-version":[{"id":5180,"href":"https:\/\/www.not-tarnow.pl\/index.php\/wp-json\/wp\/v2\/posts\/3650\/revisions\/5180"}],"wp:attachment":[{"href":"https:\/\/www.not-tarnow.pl\/index.php\/wp-json\/wp\/v2\/media?parent=3650"}],"wp:term":[{"taxonomy":"category","embeddable":true,"href":"https:\/\/www.not-tarnow.pl\/index.php\/wp-json\/wp\/v2\/categories?post=3650"},{"taxonomy":"post_tag","embeddable":true,"href":"https:\/\/www.not-tarnow.pl\/index.php\/wp-json\/wp\/v2\/tags?post=3650"}],"curies":[{"name":"wp","href":"https:\/\/api.w.org\/{rel}","templated":true}]}}