{"id":3653,"date":"2023-03-06T12:58:37","date_gmt":"2023-03-06T11:58:37","guid":{"rendered":"http:\/\/www.not-tarnow.pl\/?p=3653"},"modified":"2023-03-10T15:05:36","modified_gmt":"2023-03-10T14:05:36","slug":"odsloniecie-pomnika-inz-piotra-drzewieckiego-w-warszawie","status":"publish","type":"post","link":"https:\/\/www.not-tarnow.pl\/index.php\/2023\/03\/odsloniecie-pomnika-inz-piotra-drzewieckiego-w-warszawie\/","title":{"rendered":"Ods\u0142oni\u0119cie pomnika in\u017c. Piotra Drzewieckiego w Warszawie"},"content":{"rendered":"<p><img decoding=\"async\" loading=\"lazy\" class=\"aligncenter wp-image-3664\" src=\"http:\/\/www.not-tarnow.pl\/wp-content\/uploads\/2023\/03\/20230302_125307-1024x1024.jpg\" alt=\"\" width=\"700\" height=\"700\" srcset=\"https:\/\/www.not-tarnow.pl\/wp-content\/uploads\/2023\/03\/20230302_125307-1024x1024.jpg 1024w, https:\/\/www.not-tarnow.pl\/wp-content\/uploads\/2023\/03\/20230302_125307-300x300.jpg 300w, https:\/\/www.not-tarnow.pl\/wp-content\/uploads\/2023\/03\/20230302_125307-150x150.jpg 150w, https:\/\/www.not-tarnow.pl\/wp-content\/uploads\/2023\/03\/20230302_125307-768x768.jpg 768w, https:\/\/www.not-tarnow.pl\/wp-content\/uploads\/2023\/03\/20230302_125307-1536x1536.jpg 1536w, https:\/\/www.not-tarnow.pl\/wp-content\/uploads\/2023\/03\/20230302_125307-2048x2048.jpg 2048w\" sizes=\"(max-width: 700px) 100vw, 700px\" \/><\/p>\n<p>2 marca 2023 r. Prezes Renata \u0141ab\u0119d\u017a uczestniczy\u0142a w uroczystym ods\u0142oni\u0119ciu pomnika Piotra Drzewieckiego na skwerze im. Piotra S. Drzewieckiego w Parku Mirowskim w Warszawie.<\/p>\n<p>Dzi\u0119ki wsp\u00f3lnym wysi\u0142kom i wsparciu radnych Warszawy oraz Federacji Stowarzysze\u0144 Naukowo-Technicznych NOT, na granitowym cokole umieszczona zosta\u0142a rze\u017aba w formie popiersia.<\/p>\n<p>Pierwszy prezydent Warszawy w II Rzeczpospolitej, in\u017cynier Piotr Stanis\u0142aw Drzewicki zarz\u0105dza\u0142 miastem w latach 1918-1921 spos\u00f3b nowoczesny. By\u0142 wybitnym tw\u00f3rc\u0105 techniki, kt\u00f3remu po odzyskaniu niepodleg\u0142o\u015bci, stolica zawdzi\u0119cza\u0142a szybki rozw\u00f3j urbanistyczny, znaczne poszerzenie granic i skuteczn\u0105 reform\u0119 administracyjn\u0105. Przyczyni\u0142 si\u0119 r\u00f3wnie\u017c do reaktywacji po 1918 r. Uniwersytetu Warszawskiego, Politechniki Warszawskiej i SGGW.<\/p>\n<p>By\u0142 jednym z redaktor\u00f3w &#8222;Przegl\u0105du Technicznego&#8221; jednego z najstarszych pism naukowo-technicznych wydawanego od 157 lat. Ten Wybitny tw\u00f3rca techniki zostawi\u0142 dla potomnych wiele znacz\u0105cych dokona\u0144 jako in\u017cynier, prezydent i dzia\u0142acz gospodarczy. Zostawi\u0142 tak\u017ce przes\u0142anie dla wnuk\u00f3w i prawnuk\u00f3w, swoisty dekalog niezwykle cennych wskaz\u00f3wek, aby m.in. \u201epost\u0119powa\u0107 etycznie, godnie, lojalnie i s\u0142uszno\u015bci broni\u0107\u201d.<\/p>\n<p>Link do filmu z uroczysto\u015bci: <a href=\"https:\/\/youtu.be\/gT6rxXpaN6g\">https:\/\/youtu.be\/gT6rxXpaN6g<\/a><\/p>\n<p><img decoding=\"async\" loading=\"lazy\" class=\"aligncenter wp-image-3662\" src=\"http:\/\/www.not-tarnow.pl\/wp-content\/uploads\/2023\/03\/20230302_124014-1024x1024.jpg\" alt=\"\" width=\"700\" height=\"700\" srcset=\"https:\/\/www.not-tarnow.pl\/wp-content\/uploads\/2023\/03\/20230302_124014-1024x1024.jpg 1024w, https:\/\/www.not-tarnow.pl\/wp-content\/uploads\/2023\/03\/20230302_124014-300x300.jpg 300w, https:\/\/www.not-tarnow.pl\/wp-content\/uploads\/2023\/03\/20230302_124014-150x150.jpg 150w, https:\/\/www.not-tarnow.pl\/wp-content\/uploads\/2023\/03\/20230302_124014-768x768.jpg 768w, https:\/\/www.not-tarnow.pl\/wp-content\/uploads\/2023\/03\/20230302_124014-1536x1536.jpg 1536w, https:\/\/www.not-tarnow.pl\/wp-content\/uploads\/2023\/03\/20230302_124014-2048x2048.jpg 2048w\" sizes=\"(max-width: 700px) 100vw, 700px\" \/><img decoding=\"async\" loading=\"lazy\" class=\"aligncenter wp-image-3663\" src=\"http:\/\/www.not-tarnow.pl\/wp-content\/uploads\/2023\/03\/20230302_124249-1024x1024.jpg\" alt=\"\" width=\"700\" height=\"700\" srcset=\"https:\/\/www.not-tarnow.pl\/wp-content\/uploads\/2023\/03\/20230302_124249-1024x1024.jpg 1024w, https:\/\/www.not-tarnow.pl\/wp-content\/uploads\/2023\/03\/20230302_124249-300x300.jpg 300w, https:\/\/www.not-tarnow.pl\/wp-content\/uploads\/2023\/03\/20230302_124249-150x150.jpg 150w, https:\/\/www.not-tarnow.pl\/wp-content\/uploads\/2023\/03\/20230302_124249-768x768.jpg 768w, https:\/\/www.not-tarnow.pl\/wp-content\/uploads\/2023\/03\/20230302_124249-1536x1536.jpg 1536w, https:\/\/www.not-tarnow.pl\/wp-content\/uploads\/2023\/03\/20230302_124249-2048x2048.jpg 2048w\" sizes=\"(max-width: 700px) 100vw, 700px\" \/><\/p>\n<p>&nbsp;<\/p>\n","protected":false},"excerpt":{"rendered":"<p>2 marca 2023 r. Prezes Renata \u0141ab\u0119d\u017a uczestniczy\u0142a w uroczystym ods\u0142oni\u0119ciu pomnika Piotra Drzewieckiego na skwerze im. Piotra S. Drzewieckiego<\/p>\n","protected":false},"author":1,"featured_media":0,"comment_status":"closed","ping_status":"open","sticky":false,"template":"","format":"standard","meta":{"footnotes":""},"categories":[12],"tags":[],"_links":{"self":[{"href":"https:\/\/www.not-tarnow.pl\/index.php\/wp-json\/wp\/v2\/posts\/3653"}],"collection":[{"href":"https:\/\/www.not-tarnow.pl\/index.php\/wp-json\/wp\/v2\/posts"}],"about":[{"href":"https:\/\/www.not-tarnow.pl\/index.php\/wp-json\/wp\/v2\/types\/post"}],"author":[{"embeddable":true,"href":"https:\/\/www.not-tarnow.pl\/index.php\/wp-json\/wp\/v2\/users\/1"}],"replies":[{"embeddable":true,"href":"https:\/\/www.not-tarnow.pl\/index.php\/wp-json\/wp\/v2\/comments?post=3653"}],"version-history":[{"count":4,"href":"https:\/\/www.not-tarnow.pl\/index.php\/wp-json\/wp\/v2\/posts\/3653\/revisions"}],"predecessor-version":[{"id":3665,"href":"https:\/\/www.not-tarnow.pl\/index.php\/wp-json\/wp\/v2\/posts\/3653\/revisions\/3665"}],"wp:attachment":[{"href":"https:\/\/www.not-tarnow.pl\/index.php\/wp-json\/wp\/v2\/media?parent=3653"}],"wp:term":[{"taxonomy":"category","embeddable":true,"href":"https:\/\/www.not-tarnow.pl\/index.php\/wp-json\/wp\/v2\/categories?post=3653"},{"taxonomy":"post_tag","embeddable":true,"href":"https:\/\/www.not-tarnow.pl\/index.php\/wp-json\/wp\/v2\/tags?post=3653"}],"curies":[{"name":"wp","href":"https:\/\/api.w.org\/{rel}","templated":true}]}}