{"id":3657,"date":"2023-03-07T14:00:53","date_gmt":"2023-03-07T13:00:53","guid":{"rendered":"http:\/\/www.not-tarnow.pl\/?p=3657"},"modified":"2023-03-17T13:47:04","modified_gmt":"2023-03-17T12:47:04","slug":"swiatowy-dzien-inzyniera-3-marca-2023-r-w-warszawie","status":"publish","type":"post","link":"https:\/\/www.not-tarnow.pl\/index.php\/2023\/03\/swiatowy-dzien-inzyniera-3-marca-2023-r-w-warszawie\/","title":{"rendered":"\u015awiatowy Dzie\u0144 In\u017cyniera &#8211; 3 marca 2023 r. w Warszawie"},"content":{"rendered":"<p>3 marca 2023 roku Prezes NOT Tarn\u00f3w bra\u0142a udzia\u0142 w polskich obchodach Dnia In\u017cyniera w Warszawie. W przeddzie\u0144 obchod\u00f3w \u015awiatowego Dnia In\u017cynierii dla Zr\u00f3wnowa\u017conego Rozwoju w Warszawskim Domu Technika odby\u0142a si\u0119 konferencja naukowo-techniczna po\u015bwi\u0119cona wk\u0142adowi polskich in\u017cynier\u00f3w w rozw\u00f3j cywilizacji z uwzgl\u0119dnieniem aspekt\u00f3w humanistycznych, na kt\u00f3rej zaprezentowano bogato ilustrowane referaty dokumentuj\u0105ce innowacyjne rozwi\u0105zania.<\/p>\n<p>Dzie\u0144 In\u017cyniera to \u015bwi\u0119to tw\u00f3rc\u00f3w techniki.<\/p>\n<p>Podczas konferencji uhonorowano wybitnych tw\u00f3rc\u00f3w techniki tytu\u0142ami: Wyr\u00f3\u017cniony, Srebrny, Z\u0142oty i Diamentowy In\u017cynier Przegl\u0105du Technicznego. Od 29 lat czytelnicy Przegl\u0105du Technicznego, tego najstarszego w Europie i Polsce czasopisma, kt\u00f3re wychodzi od 1866 r., przyznaj\u0105 te cenione przez spo\u0142eczno\u015b\u0107 techniczn\u0105 tytu\u0142y.<\/p>\n<p>Obchody \u015awiatowego Dnia In\u017cyniera u\u015bwietni\u0142o wr\u0119czenie odznacze\u0144 pa\u0144stwowych. Otrzymali je z r\u0105k Andrzeja Dery, sekretarza stanu w Kancelarii Prezydenta RP: Ewa Ma\u0144kiewicz-Cudny \u2013 Krzy\u017c Komandorski Orderu Odrodzenia Polski oraz Adam Wi\u015bniewski \u2013 Krzy\u017c Oficerski Orderu Odrodzenia Polski.<\/p>\n<p><img decoding=\"async\" loading=\"lazy\" class=\"aligncenter  wp-image-3680\" src=\"http:\/\/www.not-tarnow.pl\/wp-content\/uploads\/2023\/03\/Bez-tytulu.jpg\" alt=\"\" width=\"642\" height=\"427\" srcset=\"https:\/\/www.not-tarnow.pl\/wp-content\/uploads\/2023\/03\/Bez-tytulu.jpg 751w, https:\/\/www.not-tarnow.pl\/wp-content\/uploads\/2023\/03\/Bez-tytulu-300x199.jpg 300w\" sizes=\"(max-width: 642px) 100vw, 642px\" \/><img decoding=\"async\" loading=\"lazy\" class=\"aligncenter wp-image-3658\" src=\"http:\/\/www.not-tarnow.pl\/wp-content\/uploads\/2023\/03\/sdi.jpg\" alt=\"\" width=\"643\" height=\"360\" srcset=\"https:\/\/www.not-tarnow.pl\/wp-content\/uploads\/2023\/03\/sdi.jpg 824w, https:\/\/www.not-tarnow.pl\/wp-content\/uploads\/2023\/03\/sdi-300x168.jpg 300w, https:\/\/www.not-tarnow.pl\/wp-content\/uploads\/2023\/03\/sdi-768x431.jpg 768w\" sizes=\"(max-width: 643px) 100vw, 643px\" \/><\/p>\n<p><img decoding=\"async\" loading=\"lazy\" class=\"aligncenter wp-image-3608\" src=\"http:\/\/www.not-tarnow.pl\/wp-content\/uploads\/2023\/02\/Zaproszenie-wersja-internet-2-758x1024.jpg\" alt=\"\" width=\"530\" height=\"716\" srcset=\"https:\/\/www.not-tarnow.pl\/wp-content\/uploads\/2023\/02\/Zaproszenie-wersja-internet-2-758x1024.jpg 758w, https:\/\/www.not-tarnow.pl\/wp-content\/uploads\/2023\/02\/Zaproszenie-wersja-internet-2-222x300.jpg 222w, https:\/\/www.not-tarnow.pl\/wp-content\/uploads\/2023\/02\/Zaproszenie-wersja-internet-2-768x1037.jpg 768w, https:\/\/www.not-tarnow.pl\/wp-content\/uploads\/2023\/02\/Zaproszenie-wersja-internet-2-1137x1536.jpg 1137w, https:\/\/www.not-tarnow.pl\/wp-content\/uploads\/2023\/02\/Zaproszenie-wersja-internet-2-1516x2048.jpg 1516w, https:\/\/www.not-tarnow.pl\/wp-content\/uploads\/2023\/02\/Zaproszenie-wersja-internet-2-scaled.jpg 1895w\" sizes=\"(max-width: 530px) 100vw, 530px\" \/><\/p>\n","protected":false},"excerpt":{"rendered":"<p>3 marca 2023 roku Prezes NOT Tarn\u00f3w bra\u0142a udzia\u0142 w polskich obchodach Dnia In\u017cyniera w Warszawie. W przeddzie\u0144 obchod\u00f3w \u015awiatowego<\/p>\n","protected":false},"author":1,"featured_media":0,"comment_status":"closed","ping_status":"open","sticky":false,"template":"","format":"standard","meta":{"footnotes":""},"categories":[12],"tags":[],"_links":{"self":[{"href":"https:\/\/www.not-tarnow.pl\/index.php\/wp-json\/wp\/v2\/posts\/3657"}],"collection":[{"href":"https:\/\/www.not-tarnow.pl\/index.php\/wp-json\/wp\/v2\/posts"}],"about":[{"href":"https:\/\/www.not-tarnow.pl\/index.php\/wp-json\/wp\/v2\/types\/post"}],"author":[{"embeddable":true,"href":"https:\/\/www.not-tarnow.pl\/index.php\/wp-json\/wp\/v2\/users\/1"}],"replies":[{"embeddable":true,"href":"https:\/\/www.not-tarnow.pl\/index.php\/wp-json\/wp\/v2\/comments?post=3657"}],"version-history":[{"count":2,"href":"https:\/\/www.not-tarnow.pl\/index.php\/wp-json\/wp\/v2\/posts\/3657\/revisions"}],"predecessor-version":[{"id":3681,"href":"https:\/\/www.not-tarnow.pl\/index.php\/wp-json\/wp\/v2\/posts\/3657\/revisions\/3681"}],"wp:attachment":[{"href":"https:\/\/www.not-tarnow.pl\/index.php\/wp-json\/wp\/v2\/media?parent=3657"}],"wp:term":[{"taxonomy":"category","embeddable":true,"href":"https:\/\/www.not-tarnow.pl\/index.php\/wp-json\/wp\/v2\/categories?post=3657"},{"taxonomy":"post_tag","embeddable":true,"href":"https:\/\/www.not-tarnow.pl\/index.php\/wp-json\/wp\/v2\/tags?post=3657"}],"curies":[{"name":"wp","href":"https:\/\/api.w.org\/{rel}","templated":true}]}}