{"id":3671,"date":"2023-03-10T13:40:52","date_gmt":"2023-03-10T12:40:52","guid":{"rendered":"http:\/\/www.not-tarnow.pl\/?p=3671"},"modified":"2023-03-21T10:25:43","modified_gmt":"2023-03-21T09:25:43","slug":"promocja-nowych-publikacji-o-tarnowie","status":"publish","type":"post","link":"https:\/\/www.not-tarnow.pl\/index.php\/2023\/03\/promocja-nowych-publikacji-o-tarnowie\/","title":{"rendered":"Promocja nowych publikacji o Tarnowie"},"content":{"rendered":"<p><img decoding=\"async\" loading=\"lazy\" class=\"wp-image-3689 alignleft\" src=\"http:\/\/www.not-tarnow.pl\/wp-content\/uploads\/2023\/03\/image000001003.jpg\" alt=\"\" width=\"487\" height=\"700\" srcset=\"https:\/\/www.not-tarnow.pl\/wp-content\/uploads\/2023\/03\/image000001003.jpg 674w, https:\/\/www.not-tarnow.pl\/wp-content\/uploads\/2023\/03\/image000001003-209x300.jpg 209w\" sizes=\"(max-width: 487px) 100vw, 487px\" \/><\/p>\n<p>7 marca w tarnowskim Ratuszu odby\u0142a si\u0119 promocja nowych publikacji o Tarnowie, w kt\u00f3rej uczestniczyli przedstawiciel tarnowskiego NOT: prezes Renata \u0141ab\u0119d\u017a, wiceprezes Les\u0142aw \u015awi\u0119tochowski i sekretarz Eugeniusz Tadel. Uroczysto\u015b\u0107 odby\u0142a si\u0119 w Sali Posp\u00f3lstwa tarnowskiego Ratusza, w ramach obchod\u00f3w 693. rocznicy lokacji Tarnowa.<\/p>\n<p>Organizatorzy uroczysto\u015bci: Tarnowskie Towarzystwo Kulturalne, Miejska Biblioteka Publiczna im. Juliusza S\u0142owackiego w Tarnowie, Rada Osiedla nr 1 \u201eStar\u00f3wka\u201d w Tarnowie, Fundacja im. Hetmana Jana Tarnowskiego, Muzeum Okr\u0119gowe w Tarnowie oraz Redakcja \u201e<em>Rocznika Tarnowskiego<\/em>\u201d.<\/p>\n<p>Program obejmowa\u0142:<\/p>\n<ul>\n<li>Przedstawienie idei serii wydawniczej \u201eWybitni Tarnowianie\u201d<\/li>\n<li>SPYCIMIR HERBU LELIWA \u2013 kasztelan krakowski, za\u0142o\u017cyciel Tarnowa &#8211; Krzysztof Moskal<\/li>\n<li>JAN SZCZEPANIK \u2013 geniusz, odkrywca, wynalazca &#8211; Mieczys\u0142aw Czosnyka<\/li>\n<li>Prezentacja tre\u015bci \u201eRocznika Tarnowskiego\u201d 2022\/27<\/li>\n<\/ul>\n<p><img decoding=\"async\" loading=\"lazy\" class=\"aligncenter  wp-image-3688\" src=\"http:\/\/www.not-tarnow.pl\/wp-content\/uploads\/2023\/03\/image000000005-1024x766.jpg\" alt=\"\" width=\"700\" height=\"523\" srcset=\"https:\/\/www.not-tarnow.pl\/wp-content\/uploads\/2023\/03\/image000000005-1024x766.jpg 1024w, https:\/\/www.not-tarnow.pl\/wp-content\/uploads\/2023\/03\/image000000005-300x225.jpg 300w, https:\/\/www.not-tarnow.pl\/wp-content\/uploads\/2023\/03\/image000000005-768x575.jpg 768w, https:\/\/www.not-tarnow.pl\/wp-content\/uploads\/2023\/03\/image000000005.jpg 1371w\" sizes=\"(max-width: 700px) 100vw, 700px\" \/> <img decoding=\"async\" loading=\"lazy\" class=\"aligncenter  wp-image-3675\" src=\"http:\/\/www.not-tarnow.pl\/wp-content\/uploads\/2023\/03\/TPL_4164-1024x682.jpg\" alt=\"\" width=\"699\" height=\"466\" srcset=\"https:\/\/www.not-tarnow.pl\/wp-content\/uploads\/2023\/03\/TPL_4164-1024x682.jpg 1024w, https:\/\/www.not-tarnow.pl\/wp-content\/uploads\/2023\/03\/TPL_4164-300x200.jpg 300w, https:\/\/www.not-tarnow.pl\/wp-content\/uploads\/2023\/03\/TPL_4164-768x511.jpg 768w, https:\/\/www.not-tarnow.pl\/wp-content\/uploads\/2023\/03\/TPL_4164-1536x1022.jpg 1536w, https:\/\/www.not-tarnow.pl\/wp-content\/uploads\/2023\/03\/TPL_4164.jpg 1600w\" sizes=\"(max-width: 699px) 100vw, 699px\" \/><img decoding=\"async\" loading=\"lazy\" class=\"aligncenter  wp-image-3674\" src=\"http:\/\/www.not-tarnow.pl\/wp-content\/uploads\/2023\/03\/TPL_4163-1024x682.jpg\" alt=\"\" width=\"699\" height=\"466\" srcset=\"https:\/\/www.not-tarnow.pl\/wp-content\/uploads\/2023\/03\/TPL_4163-1024x682.jpg 1024w, https:\/\/www.not-tarnow.pl\/wp-content\/uploads\/2023\/03\/TPL_4163-300x200.jpg 300w, https:\/\/www.not-tarnow.pl\/wp-content\/uploads\/2023\/03\/TPL_4163-768x511.jpg 768w, https:\/\/www.not-tarnow.pl\/wp-content\/uploads\/2023\/03\/TPL_4163-1536x1022.jpg 1536w, https:\/\/www.not-tarnow.pl\/wp-content\/uploads\/2023\/03\/TPL_4163.jpg 1600w\" sizes=\"(max-width: 699px) 100vw, 699px\" \/><img decoding=\"async\" loading=\"lazy\" class=\"aligncenter  wp-image-3673\" src=\"http:\/\/www.not-tarnow.pl\/wp-content\/uploads\/2023\/03\/TPL_4138-1024x682.jpg\" alt=\"\" width=\"699\" height=\"466\" srcset=\"https:\/\/www.not-tarnow.pl\/wp-content\/uploads\/2023\/03\/TPL_4138-1024x682.jpg 1024w, https:\/\/www.not-tarnow.pl\/wp-content\/uploads\/2023\/03\/TPL_4138-300x200.jpg 300w, https:\/\/www.not-tarnow.pl\/wp-content\/uploads\/2023\/03\/TPL_4138-768x511.jpg 768w, https:\/\/www.not-tarnow.pl\/wp-content\/uploads\/2023\/03\/TPL_4138-1536x1022.jpg 1536w, https:\/\/www.not-tarnow.pl\/wp-content\/uploads\/2023\/03\/TPL_4138.jpg 1600w\" sizes=\"(max-width: 699px) 100vw, 699px\" \/><img decoding=\"async\" loading=\"lazy\" class=\"aligncenter  wp-image-3672\" src=\"http:\/\/www.not-tarnow.pl\/wp-content\/uploads\/2023\/03\/335150551_148860338077197_2428366043495142739_n.jpg\" alt=\"\" width=\"548\" height=\"308\" srcset=\"https:\/\/www.not-tarnow.pl\/wp-content\/uploads\/2023\/03\/335150551_148860338077197_2428366043495142739_n.jpg 569w, https:\/\/www.not-tarnow.pl\/wp-content\/uploads\/2023\/03\/335150551_148860338077197_2428366043495142739_n-300x169.jpg 300w\" sizes=\"(max-width: 548px) 100vw, 548px\" \/><\/p>\n<p>&nbsp;<\/p>\n<p>Foto: <em>NOT;<\/em>\u00a0<em>P.Topolski<\/em> (<em>tarnow.pl)<\/em><\/p>\n","protected":false},"excerpt":{"rendered":"<p>7 marca w tarnowskim Ratuszu odby\u0142a si\u0119 promocja nowych publikacji o Tarnowie, w kt\u00f3rej uczestniczyli przedstawiciel tarnowskiego NOT: prezes Renata<\/p>\n","protected":false},"author":1,"featured_media":0,"comment_status":"closed","ping_status":"open","sticky":false,"template":"","format":"standard","meta":{"footnotes":""},"categories":[12,17],"tags":[],"_links":{"self":[{"href":"https:\/\/www.not-tarnow.pl\/index.php\/wp-json\/wp\/v2\/posts\/3671"}],"collection":[{"href":"https:\/\/www.not-tarnow.pl\/index.php\/wp-json\/wp\/v2\/posts"}],"about":[{"href":"https:\/\/www.not-tarnow.pl\/index.php\/wp-json\/wp\/v2\/types\/post"}],"author":[{"embeddable":true,"href":"https:\/\/www.not-tarnow.pl\/index.php\/wp-json\/wp\/v2\/users\/1"}],"replies":[{"embeddable":true,"href":"https:\/\/www.not-tarnow.pl\/index.php\/wp-json\/wp\/v2\/comments?post=3671"}],"version-history":[{"count":8,"href":"https:\/\/www.not-tarnow.pl\/index.php\/wp-json\/wp\/v2\/posts\/3671\/revisions"}],"predecessor-version":[{"id":3690,"href":"https:\/\/www.not-tarnow.pl\/index.php\/wp-json\/wp\/v2\/posts\/3671\/revisions\/3690"}],"wp:attachment":[{"href":"https:\/\/www.not-tarnow.pl\/index.php\/wp-json\/wp\/v2\/media?parent=3671"}],"wp:term":[{"taxonomy":"category","embeddable":true,"href":"https:\/\/www.not-tarnow.pl\/index.php\/wp-json\/wp\/v2\/categories?post=3671"},{"taxonomy":"post_tag","embeddable":true,"href":"https:\/\/www.not-tarnow.pl\/index.php\/wp-json\/wp\/v2\/tags?post=3671"}],"curies":[{"name":"wp","href":"https:\/\/api.w.org\/{rel}","templated":true}]}}