{"id":3721,"date":"2023-04-24T14:20:25","date_gmt":"2023-04-24T12:20:25","guid":{"rendered":"https:\/\/www.not-tarnow.pl\/?p=3721"},"modified":"2023-04-26T14:45:09","modified_gmt":"2023-04-26T12:45:09","slug":"dzien-patrona-szkoly-2023-zespol-szkol-ogolnoksztalcacych-i-technicznych-im-jana-szczepanika-w-tarnowie","status":"publish","type":"post","link":"https:\/\/www.not-tarnow.pl\/index.php\/2023\/04\/dzien-patrona-szkoly-2023-zespol-szkol-ogolnoksztalcacych-i-technicznych-im-jana-szczepanika-w-tarnowie\/","title":{"rendered":"Dzie\u0144 Patrona Szko\u0142y 2023 &#8211; film Zespo\u0142u Szk\u00f3\u0142 Og\u00f3lnokszta\u0142c\u0105cych i Technicznych im. Jana Szczepanika w Tarnowie"},"content":{"rendered":"<p>&nbsp;<\/p>\n<p><iframe loading=\"lazy\" title=\"Dzie\u0144 Patrona Szko\u0142y 2023\" width=\"800\" height=\"450\" src=\"https:\/\/www.youtube.com\/embed\/89NZezTF3EM?feature=oembed\" frameborder=\"0\" allow=\"accelerometer; autoplay; clipboard-write; encrypted-media; gyroscope; picture-in-picture; web-share\" allowfullscreen><\/iframe><\/p>\n<p><a href=\"https:\/\/www.youtube.com\/watch?v=89NZezTF3EM\"><img decoding=\"async\" loading=\"lazy\" class=\"aligncenter size-medium wp-image-3727\" src=\"http:\/\/www.not-tarnow.pl\/wp-content\/uploads\/2023\/04\/youtube-300x192.png\" alt=\"\" width=\"300\" height=\"192\" srcset=\"https:\/\/www.not-tarnow.pl\/wp-content\/uploads\/2023\/04\/youtube-300x192.png 300w, https:\/\/www.not-tarnow.pl\/wp-content\/uploads\/2023\/04\/youtube.png 498w\" sizes=\"(max-width: 300px) 100vw, 300px\" \/><\/a><\/p>\n","protected":false},"excerpt":{"rendered":"<p>&nbsp;<\/p>\n","protected":false},"author":1,"featured_media":0,"comment_status":"closed","ping_status":"open","sticky":false,"template":"","format":"standard","meta":{"footnotes":""},"categories":[12,17],"tags":[],"_links":{"self":[{"href":"https:\/\/www.not-tarnow.pl\/index.php\/wp-json\/wp\/v2\/posts\/3721"}],"collection":[{"href":"https:\/\/www.not-tarnow.pl\/index.php\/wp-json\/wp\/v2\/posts"}],"about":[{"href":"https:\/\/www.not-tarnow.pl\/index.php\/wp-json\/wp\/v2\/types\/post"}],"author":[{"embeddable":true,"href":"https:\/\/www.not-tarnow.pl\/index.php\/wp-json\/wp\/v2\/users\/1"}],"replies":[{"embeddable":true,"href":"https:\/\/www.not-tarnow.pl\/index.php\/wp-json\/wp\/v2\/comments?post=3721"}],"version-history":[{"count":4,"href":"https:\/\/www.not-tarnow.pl\/index.php\/wp-json\/wp\/v2\/posts\/3721\/revisions"}],"predecessor-version":[{"id":3729,"href":"https:\/\/www.not-tarnow.pl\/index.php\/wp-json\/wp\/v2\/posts\/3721\/revisions\/3729"}],"wp:attachment":[{"href":"https:\/\/www.not-tarnow.pl\/index.php\/wp-json\/wp\/v2\/media?parent=3721"}],"wp:term":[{"taxonomy":"category","embeddable":true,"href":"https:\/\/www.not-tarnow.pl\/index.php\/wp-json\/wp\/v2\/categories?post=3721"},{"taxonomy":"post_tag","embeddable":true,"href":"https:\/\/www.not-tarnow.pl\/index.php\/wp-json\/wp\/v2\/tags?post=3721"}],"curies":[{"name":"wp","href":"https:\/\/api.w.org\/{rel}","templated":true}]}}