{"id":6054,"date":"2024-03-06T11:08:54","date_gmt":"2024-03-06T10:08:54","guid":{"rendered":"http:\/\/www.not-tarnow.pl\/?p=6054"},"modified":"2024-03-06T11:08:54","modified_gmt":"2024-03-06T10:08:54","slug":"obchody-230-rocznicy-urodzin-gen-inz-jozefa-bema-w-tarnowie","status":"publish","type":"post","link":"https:\/\/www.not-tarnow.pl\/index.php\/2024\/03\/obchody-230-rocznicy-urodzin-gen-inz-jozefa-bema-w-tarnowie\/","title":{"rendered":"Obchody 230. Rocznicy Urodzin gen. in\u017c. J\u00f3zefa Bema w Tarnowie"},"content":{"rendered":"<p><strong>14<\/strong><strong> marca br. w Tarnowie, mie\u015bcie narodzin i spoczynku gen. in\u017c. J\u00f3zefa Bema, odb\u0119dzie si\u0119 inauguracja obchod\u00f3w Roku Bemowskiego.<\/strong><\/p>\n<p>W 2024 roku przypada 230. rocznica urodzin gen. in\u017c. J\u00f3zefa Bema \u2013 za\u0142o\u017cyciela Polskiego Towarzystwa Politechnicznego w Pary\u017cu w 1835 roku, od kt\u00f3rego to wydarzenia datujemy pocz\u0105tek Naczelnej Organizacji Technicznej w Polsce. Decyzj\u0105 Zarz\u0105du G\u0142\u00f3wnego Naczelnej Organizacji Technicznej rok 2024 zosta\u0142 ustanowiony Rokiem gen. J\u00f3zefa Bema \u2013 Patrona naszej Organizacji.<\/p>\n<p>Tarn\u00f3w, jako miasto rodzinne J\u00f3zefa Bema, a zarazem miejsce Jego mauzoleum, ma szczeg\u00f3lny zaszczyt, jak i obowi\u0105zek, dbania o pami\u0119\u0107 tego wybitnego Polaka. I w\u0142a\u015bnie w Tarnowie w dniu urodzin, tj. 14 marca 2024 r., odb\u0119dzie si\u0119 inauguracja og\u00f3lnopolskich obchod\u00f3w Roku Bemowskiego.<\/p>\n<p>W tarnowskich uroczysto\u015bciach udzia\u0142 wezm\u0105 przedstawiciele zar\u00f3wno polskich, jak i w\u0119gierskich w\u0142adz, organizacji i stowarzysze\u0144, a tak\u017ce przedstawiciele biznesu, nauki i kultury.<\/p>\n<p>Patronat Honorowy wydarzenia obj\u0119\u0142a Ambasador W\u0119gier \u2013 Pani Orsolya Zsuzsanna Kov\u00e1cs oraz Wicepremier, Minister Obrony Narodowej \u2013 Pan W\u0142adys\u0142aw Kosiniak-Kamysz.<\/p>\n<p>Szeroki program wydarze\u0144 rozpoczyna si\u0119 z\u0142o\u017ceniem kwiat\u00f3w w asy\u015bcie harcerzy Hufca ZHP w miejscu urodzin gen. Bema, nast\u0119pnie b\u0119dzie mo\u017cliwo\u015b\u0107 zwiedzenia wystawy o Generale w podcieniach Muzeum Ziemi Tarnowskiej na Rynku. W g\u0142\u00f3wnej cz\u0119\u015bci programu na Placu W\u0119gierskim pod pomnikiem gen. J\u00f3zefa Bema przy wojskowej warcie honorowej Orkiestra D\u0119ta Grupy Azoty zagra hymny W\u0119gier i Polski, zabrzmi salut armatni Bractwa Kurkowego i nast\u0105pi z\u0142o\u017cenie kwiat\u00f3w przy asy\u015bcie Watahy Rycerskiej. W nast\u0119pnej cz\u0119\u015bci w Sali Lustrzanej w panelu dyskusyjnym przedstawiona zostanie sylwetka \u201ebohatera Europy\u201d. Spotkanie u\u015bwietni koncert zespo\u0142u CON AFFETTO, urodzinowy tort i toast z w\u0119gierskim winem. Kulminacja uroczysto\u015bci odb\u0119dzie si\u0119 w Parku Strzeleckim, gdzie po przemarszu z harcerzami pod Mauzoleum gen. J\u00f3zefa Bema i z\u0142o\u017ceniu wie\u0144ca, b\u0119dzie mo\u017cna ogl\u0105da\u0107 \u015bwietlne hybrydowe iluminacje \u2013 pokaz laserowy z opraw\u0105 muzyczn\u0105, na kt\u00f3ry organizatorzy zapraszaj\u0105 wszystkich zainteresowanych.<\/p>\n<p><img decoding=\"async\" loading=\"lazy\" class=\"aligncenter size-full wp-image-6055\" src=\"http:\/\/www.not-tarnow.pl\/wp-content\/uploads\/2024\/03\/bem_plakat_14.03.24-scaled.jpg\" alt=\"\" width=\"1829\" height=\"2560\" srcset=\"https:\/\/www.not-tarnow.pl\/wp-content\/uploads\/2024\/03\/bem_plakat_14.03.24-scaled.jpg 1829w, https:\/\/www.not-tarnow.pl\/wp-content\/uploads\/2024\/03\/bem_plakat_14.03.24-214x300.jpg 214w, https:\/\/www.not-tarnow.pl\/wp-content\/uploads\/2024\/03\/bem_plakat_14.03.24-732x1024.jpg 732w, https:\/\/www.not-tarnow.pl\/wp-content\/uploads\/2024\/03\/bem_plakat_14.03.24-768x1075.jpg 768w, https:\/\/www.not-tarnow.pl\/wp-content\/uploads\/2024\/03\/bem_plakat_14.03.24-1097x1536.jpg 1097w, https:\/\/www.not-tarnow.pl\/wp-content\/uploads\/2024\/03\/bem_plakat_14.03.24-1463x2048.jpg 1463w\" sizes=\"(max-width: 1829px) 100vw, 1829px\" \/><\/p>\n","protected":false},"excerpt":{"rendered":"<p>14 marca br. w Tarnowie, mie\u015bcie narodzin i spoczynku gen. in\u017c. J\u00f3zefa Bema, odb\u0119dzie si\u0119 inauguracja obchod\u00f3w Roku Bemowskiego. W<\/p>\n","protected":false},"author":1,"featured_media":0,"comment_status":"closed","ping_status":"open","sticky":false,"template":"","format":"standard","meta":{"footnotes":""},"categories":[24,15,12],"tags":[],"_links":{"self":[{"href":"https:\/\/www.not-tarnow.pl\/index.php\/wp-json\/wp\/v2\/posts\/6054"}],"collection":[{"href":"https:\/\/www.not-tarnow.pl\/index.php\/wp-json\/wp\/v2\/posts"}],"about":[{"href":"https:\/\/www.not-tarnow.pl\/index.php\/wp-json\/wp\/v2\/types\/post"}],"author":[{"embeddable":true,"href":"https:\/\/www.not-tarnow.pl\/index.php\/wp-json\/wp\/v2\/users\/1"}],"replies":[{"embeddable":true,"href":"https:\/\/www.not-tarnow.pl\/index.php\/wp-json\/wp\/v2\/comments?post=6054"}],"version-history":[{"count":1,"href":"https:\/\/www.not-tarnow.pl\/index.php\/wp-json\/wp\/v2\/posts\/6054\/revisions"}],"predecessor-version":[{"id":6056,"href":"https:\/\/www.not-tarnow.pl\/index.php\/wp-json\/wp\/v2\/posts\/6054\/revisions\/6056"}],"wp:attachment":[{"href":"https:\/\/www.not-tarnow.pl\/index.php\/wp-json\/wp\/v2\/media?parent=6054"}],"wp:term":[{"taxonomy":"category","embeddable":true,"href":"https:\/\/www.not-tarnow.pl\/index.php\/wp-json\/wp\/v2\/categories?post=6054"},{"taxonomy":"post_tag","embeddable":true,"href":"https:\/\/www.not-tarnow.pl\/index.php\/wp-json\/wp\/v2\/tags?post=6054"}],"curies":[{"name":"wp","href":"https:\/\/api.w.org\/{rel}","templated":true}]}}