{"id":6145,"date":"2024-03-26T09:24:24","date_gmt":"2024-03-26T08:24:24","guid":{"rendered":"http:\/\/www.not-tarnow.pl\/?p=6145"},"modified":"2024-03-26T10:13:44","modified_gmt":"2024-03-26T09:13:44","slug":"6145","status":"publish","type":"post","link":"https:\/\/www.not-tarnow.pl\/index.php\/2024\/03\/6145\/","title":{"rendered":"Weso\u0142ych \u015awi\u0105t Wielkanocnych"},"content":{"rendered":"<p><img decoding=\"async\" loading=\"lazy\" class=\"aligncenter size-full wp-image-6148\" src=\"http:\/\/www.not-tarnow.pl\/wp-content\/uploads\/2024\/03\/Wielkanoc-2024.jpg\" alt=\"\" width=\"798\" height=\"560\" srcset=\"https:\/\/www.not-tarnow.pl\/wp-content\/uploads\/2024\/03\/Wielkanoc-2024.jpg 798w, https:\/\/www.not-tarnow.pl\/wp-content\/uploads\/2024\/03\/Wielkanoc-2024-300x211.jpg 300w, https:\/\/www.not-tarnow.pl\/wp-content\/uploads\/2024\/03\/Wielkanoc-2024-768x539.jpg 768w, https:\/\/www.not-tarnow.pl\/wp-content\/uploads\/2024\/03\/Wielkanoc-2024-130x90.jpg 130w\" sizes=\"(max-width: 798px) 100vw, 798px\" \/><\/p>\n<p style=\"text-align: center;\"><em><strong>Weso\u0142ego Alleluja!<\/strong><\/em><\/p>\n","protected":false},"excerpt":{"rendered":"<p>Weso\u0142ego Alleluja!<\/p>\n","protected":false},"author":1,"featured_media":0,"comment_status":"closed","ping_status":"open","sticky":false,"template":"","format":"standard","meta":{"footnotes":""},"categories":[12],"tags":[],"_links":{"self":[{"href":"https:\/\/www.not-tarnow.pl\/index.php\/wp-json\/wp\/v2\/posts\/6145"}],"collection":[{"href":"https:\/\/www.not-tarnow.pl\/index.php\/wp-json\/wp\/v2\/posts"}],"about":[{"href":"https:\/\/www.not-tarnow.pl\/index.php\/wp-json\/wp\/v2\/types\/post"}],"author":[{"embeddable":true,"href":"https:\/\/www.not-tarnow.pl\/index.php\/wp-json\/wp\/v2\/users\/1"}],"replies":[{"embeddable":true,"href":"https:\/\/www.not-tarnow.pl\/index.php\/wp-json\/wp\/v2\/comments?post=6145"}],"version-history":[{"count":3,"href":"https:\/\/www.not-tarnow.pl\/index.php\/wp-json\/wp\/v2\/posts\/6145\/revisions"}],"predecessor-version":[{"id":6150,"href":"https:\/\/www.not-tarnow.pl\/index.php\/wp-json\/wp\/v2\/posts\/6145\/revisions\/6150"}],"wp:attachment":[{"href":"https:\/\/www.not-tarnow.pl\/index.php\/wp-json\/wp\/v2\/media?parent=6145"}],"wp:term":[{"taxonomy":"category","embeddable":true,"href":"https:\/\/www.not-tarnow.pl\/index.php\/wp-json\/wp\/v2\/categories?post=6145"},{"taxonomy":"post_tag","embeddable":true,"href":"https:\/\/www.not-tarnow.pl\/index.php\/wp-json\/wp\/v2\/tags?post=6145"}],"curies":[{"name":"wp","href":"https:\/\/api.w.org\/{rel}","templated":true}]}}