{"id":6264,"date":"2024-05-24T12:09:43","date_gmt":"2024-05-24T10:09:43","guid":{"rendered":"http:\/\/www.not-tarnow.pl\/?p=6264"},"modified":"2024-05-27T13:21:37","modified_gmt":"2024-05-27T11:21:37","slug":"zebranie-zarzadu-not-tarnow-20","status":"publish","type":"post","link":"https:\/\/www.not-tarnow.pl\/index.php\/2024\/05\/zebranie-zarzadu-not-tarnow-20\/","title":{"rendered":"Zebranie Zarz\u0105du NOT Tarn\u00f3w"},"content":{"rendered":"<p>W czwartek 23 maja br. odby\u0142o si\u0119 Zebranie Zarz\u0105du tarnowskiego NOT.<\/p>\n<p><img decoding=\"async\" loading=\"lazy\" class=\"aligncenter  wp-image-6266\" src=\"http:\/\/www.not-tarnow.pl\/wp-content\/uploads\/2024\/05\/20240522_160907-scaled.jpg\" alt=\"\" width=\"799\" height=\"449\" srcset=\"https:\/\/www.not-tarnow.pl\/wp-content\/uploads\/2024\/05\/20240522_160907-scaled.jpg 2560w, https:\/\/www.not-tarnow.pl\/wp-content\/uploads\/2024\/05\/20240522_160907-300x169.jpg 300w, https:\/\/www.not-tarnow.pl\/wp-content\/uploads\/2024\/05\/20240522_160907-1024x576.jpg 1024w, https:\/\/www.not-tarnow.pl\/wp-content\/uploads\/2024\/05\/20240522_160907-768x432.jpg 768w, https:\/\/www.not-tarnow.pl\/wp-content\/uploads\/2024\/05\/20240522_160907-1536x864.jpg 1536w, https:\/\/www.not-tarnow.pl\/wp-content\/uploads\/2024\/05\/20240522_160907-2048x1152.jpg 2048w\" sizes=\"(max-width: 799px) 100vw, 799px\" \/><img decoding=\"async\" loading=\"lazy\" class=\"aligncenter size-large wp-image-6265\" src=\"http:\/\/www.not-tarnow.pl\/wp-content\/uploads\/2024\/05\/20240522_160840-1024x576.jpg\" alt=\"\" width=\"800\" height=\"450\" srcset=\"https:\/\/www.not-tarnow.pl\/wp-content\/uploads\/2024\/05\/20240522_160840-1024x576.jpg 1024w, https:\/\/www.not-tarnow.pl\/wp-content\/uploads\/2024\/05\/20240522_160840-300x169.jpg 300w, https:\/\/www.not-tarnow.pl\/wp-content\/uploads\/2024\/05\/20240522_160840-768x432.jpg 768w, https:\/\/www.not-tarnow.pl\/wp-content\/uploads\/2024\/05\/20240522_160840-1536x864.jpg 1536w, https:\/\/www.not-tarnow.pl\/wp-content\/uploads\/2024\/05\/20240522_160840-2048x1152.jpg 2048w\" sizes=\"(max-width: 800px) 100vw, 800px\" \/><\/p>\n<p>&nbsp;<\/p>\n","protected":false},"excerpt":{"rendered":"<p>W czwartek 23 maja br. odby\u0142o si\u0119 Zebranie Zarz\u0105du tarnowskiego NOT. &nbsp;<\/p>\n","protected":false},"author":1,"featured_media":0,"comment_status":"closed","ping_status":"open","sticky":false,"template":"","format":"standard","meta":{"footnotes":""},"categories":[12],"tags":[],"_links":{"self":[{"href":"https:\/\/www.not-tarnow.pl\/index.php\/wp-json\/wp\/v2\/posts\/6264"}],"collection":[{"href":"https:\/\/www.not-tarnow.pl\/index.php\/wp-json\/wp\/v2\/posts"}],"about":[{"href":"https:\/\/www.not-tarnow.pl\/index.php\/wp-json\/wp\/v2\/types\/post"}],"author":[{"embeddable":true,"href":"https:\/\/www.not-tarnow.pl\/index.php\/wp-json\/wp\/v2\/users\/1"}],"replies":[{"embeddable":true,"href":"https:\/\/www.not-tarnow.pl\/index.php\/wp-json\/wp\/v2\/comments?post=6264"}],"version-history":[{"count":1,"href":"https:\/\/www.not-tarnow.pl\/index.php\/wp-json\/wp\/v2\/posts\/6264\/revisions"}],"predecessor-version":[{"id":6267,"href":"https:\/\/www.not-tarnow.pl\/index.php\/wp-json\/wp\/v2\/posts\/6264\/revisions\/6267"}],"wp:attachment":[{"href":"https:\/\/www.not-tarnow.pl\/index.php\/wp-json\/wp\/v2\/media?parent=6264"}],"wp:term":[{"taxonomy":"category","embeddable":true,"href":"https:\/\/www.not-tarnow.pl\/index.php\/wp-json\/wp\/v2\/categories?post=6264"},{"taxonomy":"post_tag","embeddable":true,"href":"https:\/\/www.not-tarnow.pl\/index.php\/wp-json\/wp\/v2\/tags?post=6264"}],"curies":[{"name":"wp","href":"https:\/\/api.w.org\/{rel}","templated":true}]}}