{"id":6770,"date":"2025-01-30T12:44:59","date_gmt":"2025-01-30T11:44:59","guid":{"rendered":"http:\/\/www.not-tarnow.pl\/?p=6770"},"modified":"2025-01-30T12:44:59","modified_gmt":"2025-01-30T11:44:59","slug":"2025-rokiem-jubileuszowym-zrzeszania-sie-polskich-inzynierow-i-technikow","status":"publish","type":"post","link":"https:\/\/www.not-tarnow.pl\/index.php\/2025\/01\/2025-rokiem-jubileuszowym-zrzeszania-sie-polskich-inzynierow-i-technikow\/","title":{"rendered":"2025 Rokiem Jubileuszowym Zrzeszania si\u0119 Polskich In\u017cynier\u00f3w i Technik\u00f3w"},"content":{"rendered":"<p><img decoding=\"async\" loading=\"lazy\" class=\"aligncenter  wp-image-6771\" src=\"http:\/\/www.not-tarnow.pl\/wp-content\/uploads\/2025\/01\/173807026418.jpg\" alt=\"\" width=\"722\" height=\"405\" srcset=\"https:\/\/www.not-tarnow.pl\/wp-content\/uploads\/2025\/01\/173807026418.jpg 824w, https:\/\/www.not-tarnow.pl\/wp-content\/uploads\/2025\/01\/173807026418-300x168.jpg 300w, https:\/\/www.not-tarnow.pl\/wp-content\/uploads\/2025\/01\/173807026418-768x431.jpg 768w\" sizes=\"(max-width: 722px) 100vw, 722px\" \/><\/p>\n<p>Obraduj\u0105ca 27 stycznia br. w Warszawskim Domu Technika NOT <strong>Rada Krajowa FSNT-NOT ustanowi\u0142a rok 2025 Rokiem Jubileuszowym Zrzeszania si\u0119 Polskich In\u017cynier\u00f3w i Technik\u00f3w<\/strong>.<\/p>\n<p>Obchodzone b\u0119d\u0105 rocznice:<\/p>\n<ul>\n<li>190-lecie Towarzystwa Politechnicznego Polskiego,<\/li>\n<li>120-lecie Warszawskiego Domu Technika,<\/li>\n<li>90-lecie Naczelnej Organizacji In\u017cynier\u00f3w RP,<\/li>\n<li>80-lecie Naczelnej Organizacji Technicznej,<\/li>\n<li>35-lecie Federacji Stowarzysze\u0144 Naukowo-Technicznych NOT.<\/li>\n<\/ul>\n<p><strong>Inauguracja uroczysto\u015bci 190-lecia Towarzystwa Politechnicznego Polskiego odb\u0119dzie si\u0119 Tarnowie w dniach 14-15 maja 2025 r.<\/strong><\/p>\n<p>Obchody rocznicowe zosta\u0142y ustalone dla stowarzysze\u0144 naukowo-technicznych \u2013 cz\u0142onk\u00f3w FSNT-NOT oraz innych podmiot\u00f3w dzia\u0142aj\u0105cych w strukturach Federacji.<\/p>\n","protected":false},"excerpt":{"rendered":"<p>Obraduj\u0105ca 27 stycznia br. w Warszawskim Domu Technika NOT Rada Krajowa FSNT-NOT ustanowi\u0142a rok 2025 Rokiem Jubileuszowym Zrzeszania si\u0119 Polskich<\/p>\n","protected":false},"author":1,"featured_media":0,"comment_status":"closed","ping_status":"open","sticky":false,"template":"","format":"standard","meta":{"footnotes":""},"categories":[25,15,12],"tags":[],"_links":{"self":[{"href":"https:\/\/www.not-tarnow.pl\/index.php\/wp-json\/wp\/v2\/posts\/6770"}],"collection":[{"href":"https:\/\/www.not-tarnow.pl\/index.php\/wp-json\/wp\/v2\/posts"}],"about":[{"href":"https:\/\/www.not-tarnow.pl\/index.php\/wp-json\/wp\/v2\/types\/post"}],"author":[{"embeddable":true,"href":"https:\/\/www.not-tarnow.pl\/index.php\/wp-json\/wp\/v2\/users\/1"}],"replies":[{"embeddable":true,"href":"https:\/\/www.not-tarnow.pl\/index.php\/wp-json\/wp\/v2\/comments?post=6770"}],"version-history":[{"count":1,"href":"https:\/\/www.not-tarnow.pl\/index.php\/wp-json\/wp\/v2\/posts\/6770\/revisions"}],"predecessor-version":[{"id":6772,"href":"https:\/\/www.not-tarnow.pl\/index.php\/wp-json\/wp\/v2\/posts\/6770\/revisions\/6772"}],"wp:attachment":[{"href":"https:\/\/www.not-tarnow.pl\/index.php\/wp-json\/wp\/v2\/media?parent=6770"}],"wp:term":[{"taxonomy":"category","embeddable":true,"href":"https:\/\/www.not-tarnow.pl\/index.php\/wp-json\/wp\/v2\/categories?post=6770"},{"taxonomy":"post_tag","embeddable":true,"href":"https:\/\/www.not-tarnow.pl\/index.php\/wp-json\/wp\/v2\/tags?post=6770"}],"curies":[{"name":"wp","href":"https:\/\/api.w.org\/{rel}","templated":true}]}}