{"id":6796,"date":"2025-02-07T15:39:55","date_gmt":"2025-02-07T14:39:55","guid":{"rendered":"http:\/\/www.not-tarnow.pl\/?p=6796"},"modified":"2025-02-07T15:39:55","modified_gmt":"2025-02-07T14:39:55","slug":"xviii-edycja-konkursu-mlody-innowator-2024-2025-pod-haslem-mam-pomysl-na-innowacyjne-rozwiazanie","status":"publish","type":"post","link":"https:\/\/www.not-tarnow.pl\/index.php\/2025\/02\/xviii-edycja-konkursu-mlody-innowator-2024-2025-pod-haslem-mam-pomysl-na-innowacyjne-rozwiazanie\/","title":{"rendered":"XVIII edycja konkursu &#8222;M\u0142ody Innowator 2024\/2025&#8221; pod has\u0142em &#8222;Mam pomys\u0142 na innowacyjne rozwi\u0105zanie&#8221;"},"content":{"rendered":"<p><img decoding=\"async\" loading=\"lazy\" class=\"wp-image-6797 aligncenter\" src=\"http:\/\/www.not-tarnow.pl\/wp-content\/uploads\/2025\/02\/MI_logo-1024x576.jpg\" alt=\"\" width=\"485\" height=\"273\" srcset=\"https:\/\/www.not-tarnow.pl\/wp-content\/uploads\/2025\/02\/MI_logo-1024x576.jpg 1024w, https:\/\/www.not-tarnow.pl\/wp-content\/uploads\/2025\/02\/MI_logo-300x169.jpg 300w, https:\/\/www.not-tarnow.pl\/wp-content\/uploads\/2025\/02\/MI_logo-768x432.jpg 768w, https:\/\/www.not-tarnow.pl\/wp-content\/uploads\/2025\/02\/MI_logo.jpg 1280w\" sizes=\"(max-width: 485px) 100vw, 485px\" \/><\/p>\n<p style=\"font-weight: 400;\">Federacja Stowarzysze\u0144 Naukowo-Technicznych Naczelna Organizacja Techniczna, po raz 18-ty wsp\u00f3lnie z Towarzystwem Kultury i Historii Techniki oraz\u00a0\u00a0Stowarzyszeniem Polskich Wynalazc\u00f3w i Racjonalizator\u00f3w organizuje pod has\u0142em <strong>&#8222;Mam pomys\u0142 na innowacyjne rozwi\u0105zanie&#8221;<\/strong>, <strong>Og\u00f3lnopolski Konkurs \u201eM\u0142ody Innowator\u201d<\/strong>.<\/p>\n<p style=\"font-weight: 400;\">Konkurs\u00a0\u00a0adresowany jest do uczni\u00f3w szk\u00f3\u0142 podstawowych (kl. IV-VIII), ponadpodstawowych (lice\u00f3w i technik\u00f3w). Jego celem jest wykorzystanie i pobudzanie tw\u00f3rczych zdolno\u015bci dzieci i m\u0142odzie\u017cy. Tematem zg\u0142oszonego do konkursu pomys\u0142u mo\u017ce by\u0107 dowolne rozwi\u0105zanie, polegaj\u0105ce na udoskonaleniu istniej\u0105cego lub opracowanie projektu nowego, maj\u0105cego cechy oryginalno\u015bci.<\/p>\n<p>Konkurs odbywa si\u0119 pod patronatem Ministra Edukacji.<\/p>\n<p style=\"font-weight: 400;\">Szczeg\u00f3\u0142y na stronie: <a href=\"https:\/\/not.org.pl\/olimpiady-i-konkursy\/xviii-edycja-konkursu-mlody-innowator-20242025?department=centrala\">https:\/\/not.org.pl\/olimpiady-i-konkursy\/xviii-edycja-konkursu-mlody-innowator-20242025?department=centrala<\/a><\/p>\n<p><img decoding=\"async\" loading=\"lazy\" class=\"aligncenter size-full wp-image-6798\" src=\"http:\/\/www.not-tarnow.pl\/wp-content\/uploads\/2025\/02\/MI-2025.png\" alt=\"\" width=\"504\" height=\"646\" srcset=\"https:\/\/www.not-tarnow.pl\/wp-content\/uploads\/2025\/02\/MI-2025.png 504w, https:\/\/www.not-tarnow.pl\/wp-content\/uploads\/2025\/02\/MI-2025-234x300.png 234w\" sizes=\"(max-width: 504px) 100vw, 504px\" \/><\/p>\n","protected":false},"excerpt":{"rendered":"<p>Federacja Stowarzysze\u0144 Naukowo-Technicznych Naczelna Organizacja Techniczna, po raz 18-ty wsp\u00f3lnie z Towarzystwem Kultury i Historii Techniki oraz\u00a0\u00a0Stowarzyszeniem Polskich Wynalazc\u00f3w i<\/p>\n","protected":false},"author":1,"featured_media":0,"comment_status":"closed","ping_status":"open","sticky":false,"template":"","format":"standard","meta":{"footnotes":""},"categories":[12,13],"tags":[],"_links":{"self":[{"href":"https:\/\/www.not-tarnow.pl\/index.php\/wp-json\/wp\/v2\/posts\/6796"}],"collection":[{"href":"https:\/\/www.not-tarnow.pl\/index.php\/wp-json\/wp\/v2\/posts"}],"about":[{"href":"https:\/\/www.not-tarnow.pl\/index.php\/wp-json\/wp\/v2\/types\/post"}],"author":[{"embeddable":true,"href":"https:\/\/www.not-tarnow.pl\/index.php\/wp-json\/wp\/v2\/users\/1"}],"replies":[{"embeddable":true,"href":"https:\/\/www.not-tarnow.pl\/index.php\/wp-json\/wp\/v2\/comments?post=6796"}],"version-history":[{"count":1,"href":"https:\/\/www.not-tarnow.pl\/index.php\/wp-json\/wp\/v2\/posts\/6796\/revisions"}],"predecessor-version":[{"id":6799,"href":"https:\/\/www.not-tarnow.pl\/index.php\/wp-json\/wp\/v2\/posts\/6796\/revisions\/6799"}],"wp:attachment":[{"href":"https:\/\/www.not-tarnow.pl\/index.php\/wp-json\/wp\/v2\/media?parent=6796"}],"wp:term":[{"taxonomy":"category","embeddable":true,"href":"https:\/\/www.not-tarnow.pl\/index.php\/wp-json\/wp\/v2\/categories?post=6796"},{"taxonomy":"post_tag","embeddable":true,"href":"https:\/\/www.not-tarnow.pl\/index.php\/wp-json\/wp\/v2\/tags?post=6796"}],"curies":[{"name":"wp","href":"https:\/\/api.w.org\/{rel}","templated":true}]}}