{"id":7946,"date":"2026-03-11T09:44:48","date_gmt":"2026-03-11T08:44:48","guid":{"rendered":"https:\/\/www.not-tarnow.pl\/?p=7946"},"modified":"2026-03-12T14:34:46","modified_gmt":"2026-03-12T13:34:46","slug":"tarnowskie-uroczystosci-rocznicowe-wegierskiej-wiosny-ludow","status":"publish","type":"post","link":"https:\/\/www.not-tarnow.pl\/index.php\/2026\/03\/tarnowskie-uroczystosci-rocznicowe-wegierskiej-wiosny-ludow\/","title":{"rendered":"Tarnowskie uroczysto\u015bci rocznicowe W\u0119gierskiej Wiosny Lud\u00f3w"},"content":{"rendered":"<div class=\"xdj266r x14z9mp xat24cr x1lziwak x1vvkbs x126k92a\">\n<div dir=\"auto\">Tarn\u00f3w pami\u0119ta o generale J\u00f3zefie Bemie!<\/div>\n<\/div>\n<div class=\"x14z9mp xat24cr x1lziwak x1vvkbs xtlvy1s x126k92a\">\n<div dir=\"auto\">Uroczysto\u015bci rocznicowe W\u0119gierskiej Wiosny Lud\u00f3w odb\u0119d\u0105 si\u0119 w najbli\u017csz\u0105 niedziel\u0119, 15 marca. W ramach obchod\u00f3w zaplanowano m.in. prelekcj\u0119 w Galerii Panorama i koncert w Sali Lustrzanej.<\/div>\n<\/div>\n<div class=\"x14z9mp xat24cr x1lziwak x1vvkbs xtlvy1s x126k92a\">\n<div dir=\"auto\">Szczeg\u00f3\u0142y na plakacie:<\/div>\n<div dir=\"auto\"><img decoding=\"async\" loading=\"lazy\" class=\"aligncenter wp-image-7947 size-large\" src=\"http:\/\/www.not-tarnow.pl\/wp-content\/uploads\/2026\/03\/Rocznica-Wiosny-Ludow-724x1024.jpg\" alt=\"\" width=\"724\" height=\"1024\" \/><\/div>\n<div dir=\"auto\" style=\"text-align: center;\"><em>\u017ar\u00f3d\u0142o: UMT<\/em><\/div>\n<\/div>\n","protected":false},"excerpt":{"rendered":"<p>Tarn\u00f3w pami\u0119ta o generale J\u00f3zefie Bemie! Uroczysto\u015bci rocznicowe W\u0119gierskiej Wiosny Lud\u00f3w odb\u0119d\u0105 si\u0119 w najbli\u017csz\u0105 niedziel\u0119, 15 marca. W ramach<\/p>\n","protected":false},"author":1,"featured_media":0,"comment_status":"closed","ping_status":"open","sticky":false,"template":"","format":"standard","meta":{"footnotes":""},"categories":[12],"tags":[],"_links":{"self":[{"href":"https:\/\/www.not-tarnow.pl\/index.php\/wp-json\/wp\/v2\/posts\/7946"}],"collection":[{"href":"https:\/\/www.not-tarnow.pl\/index.php\/wp-json\/wp\/v2\/posts"}],"about":[{"href":"https:\/\/www.not-tarnow.pl\/index.php\/wp-json\/wp\/v2\/types\/post"}],"author":[{"embeddable":true,"href":"https:\/\/www.not-tarnow.pl\/index.php\/wp-json\/wp\/v2\/users\/1"}],"replies":[{"embeddable":true,"href":"https:\/\/www.not-tarnow.pl\/index.php\/wp-json\/wp\/v2\/comments?post=7946"}],"version-history":[{"count":3,"href":"https:\/\/www.not-tarnow.pl\/index.php\/wp-json\/wp\/v2\/posts\/7946\/revisions"}],"predecessor-version":[{"id":7959,"href":"https:\/\/www.not-tarnow.pl\/index.php\/wp-json\/wp\/v2\/posts\/7946\/revisions\/7959"}],"wp:attachment":[{"href":"https:\/\/www.not-tarnow.pl\/index.php\/wp-json\/wp\/v2\/media?parent=7946"}],"wp:term":[{"taxonomy":"category","embeddable":true,"href":"https:\/\/www.not-tarnow.pl\/index.php\/wp-json\/wp\/v2\/categories?post=7946"},{"taxonomy":"post_tag","embeddable":true,"href":"https:\/\/www.not-tarnow.pl\/index.php\/wp-json\/wp\/v2\/tags?post=7946"}],"curies":[{"name":"wp","href":"https:\/\/api.w.org\/{rel}","templated":true}]}}