{"id":7949,"date":"2026-03-10T09:54:06","date_gmt":"2026-03-10T08:54:06","guid":{"rendered":"https:\/\/www.not-tarnow.pl\/?p=7949"},"modified":"2026-03-11T10:03:27","modified_gmt":"2026-03-11T09:03:27","slug":"gala-z-okazji-696-rocznicy-urodzin-tarnowa","status":"publish","type":"post","link":"https:\/\/www.not-tarnow.pl\/index.php\/2026\/03\/gala-z-okazji-696-rocznicy-urodzin-tarnowa\/","title":{"rendered":"Gala z okazji 696. rocznicy urodzin Tarnowa oraz tytu\u0142 Honorowego Obywatela Miasta Tarnowa dla Jana Szczepanika"},"content":{"rendered":"<p>7 marca Prezes Renata \u0141ab\u0119d\u017a uczestniczy\u0142a w uroczystych obchodach 696. rocznicy lokacji Tarnowa. Gala jubileuszowa odby\u0142a si\u0119 w sali koncertowej Zespo\u0142u Szk\u00f3\u0142 Muzycznych.<br \/>\nPodczas wydarzenia wr\u0119czono Dukaty Tarnowskie osobom szczeg\u00f3lnie zas\u0142u\u017conym dla miasta, a tak\u017ce przyznano Odznaki Honorowe Miasta Tarnowa.<br \/>\nW trakcie uroczysto\u015bci po\u015bmiertnie nadano r\u00f3wnie\u017c tytu\u0142y <strong>Honorowego Obywatela Miasta Tarnowa<\/strong> dw\u00f3m wybitnym postaciom zwi\u0105zanym z Tarnowem: architektowi <strong>Szcz\u0119snemu Zarembie<\/strong> oraz wynalazcy <strong>Janowi Szczepanikowi<\/strong>, nazywanemu \u201epolskim Edisonem\u201d. Obaj pozostawili trwa\u0142y \u015blad w historii dzi\u0119ki swoim osi\u0105gni\u0119ciom i wk\u0142adowi w rozw\u00f3j nauki oraz architektury.<br \/>\nGal\u0119 u\u015bwietni\u0142 koncert Jarek Tucki Trio, a na uczestnik\u00f3w czeka\u0142 tak\u017ce okoliczno\u015bciowy tort.<\/p>\n<p style=\"text-align: center;\"><img decoding=\"async\" loading=\"lazy\" class=\"aligncenter size-large wp-image-7951\" src=\"http:\/\/www.not-tarnow.pl\/wp-content\/uploads\/2026\/03\/649149263_1351899296969096_6963049702727834832_n.jpg\" alt=\"\" width=\"533\" height=\"800\" \/><img decoding=\"async\" loading=\"lazy\" class=\"aligncenter size-large wp-image-7950\" src=\"http:\/\/www.not-tarnow.pl\/wp-content\/uploads\/2026\/03\/018-1024x682.jpg\" alt=\"\" width=\"800\" height=\"533\" srcset=\"https:\/\/www.not-tarnow.pl\/wp-content\/uploads\/2026\/03\/018-1024x682.jpg 1024w, https:\/\/www.not-tarnow.pl\/wp-content\/uploads\/2026\/03\/018-300x200.jpg 300w, https:\/\/www.not-tarnow.pl\/wp-content\/uploads\/2026\/03\/018-768x512.jpg 768w, https:\/\/www.not-tarnow.pl\/wp-content\/uploads\/2026\/03\/018.jpg 1340w\" sizes=\"(max-width: 800px) 100vw, 800px\" \/> <img decoding=\"async\" loading=\"lazy\" class=\"aligncenter size-large wp-image-7953\" src=\"http:\/\/www.not-tarnow.pl\/wp-content\/uploads\/2026\/03\/XT_0016-1024x683.jpg\" alt=\"\" width=\"800\" height=\"534\" srcset=\"https:\/\/www.not-tarnow.pl\/wp-content\/uploads\/2026\/03\/XT_0016-1024x683.jpg 1024w, https:\/\/www.not-tarnow.pl\/wp-content\/uploads\/2026\/03\/XT_0016-300x200.jpg 300w, https:\/\/www.not-tarnow.pl\/wp-content\/uploads\/2026\/03\/XT_0016-768x512.jpg 768w, https:\/\/www.not-tarnow.pl\/wp-content\/uploads\/2026\/03\/XT_0016-1536x1024.jpg 1536w, https:\/\/www.not-tarnow.pl\/wp-content\/uploads\/2026\/03\/XT_0016.jpg 1600w\" sizes=\"(max-width: 800px) 100vw, 800px\" \/> <img decoding=\"async\" loading=\"lazy\" class=\"aligncenter size-large wp-image-7954\" src=\"http:\/\/www.not-tarnow.pl\/wp-content\/uploads\/2026\/03\/XT_0021-1024x683.jpg\" alt=\"\" width=\"800\" height=\"534\" srcset=\"https:\/\/www.not-tarnow.pl\/wp-content\/uploads\/2026\/03\/XT_0021-1024x683.jpg 1024w, https:\/\/www.not-tarnow.pl\/wp-content\/uploads\/2026\/03\/XT_0021-300x200.jpg 300w, https:\/\/www.not-tarnow.pl\/wp-content\/uploads\/2026\/03\/XT_0021-768x512.jpg 768w, https:\/\/www.not-tarnow.pl\/wp-content\/uploads\/2026\/03\/XT_0021-1536x1024.jpg 1536w, https:\/\/www.not-tarnow.pl\/wp-content\/uploads\/2026\/03\/XT_0021.jpg 1600w\" sizes=\"(max-width: 800px) 100vw, 800px\" \/><img decoding=\"async\" loading=\"lazy\" class=\"aligncenter size-large wp-image-7952\" src=\"http:\/\/www.not-tarnow.pl\/wp-content\/uploads\/2026\/03\/XT_0012-1024x683.jpg\" alt=\"\" width=\"800\" height=\"534\" srcset=\"https:\/\/www.not-tarnow.pl\/wp-content\/uploads\/2026\/03\/XT_0012-1024x683.jpg 1024w, https:\/\/www.not-tarnow.pl\/wp-content\/uploads\/2026\/03\/XT_0012-300x200.jpg 300w, https:\/\/www.not-tarnow.pl\/wp-content\/uploads\/2026\/03\/XT_0012-768x512.jpg 768w, https:\/\/www.not-tarnow.pl\/wp-content\/uploads\/2026\/03\/XT_0012-1536x1024.jpg 1536w, https:\/\/www.not-tarnow.pl\/wp-content\/uploads\/2026\/03\/XT_0012.jpg 1600w\" sizes=\"(max-width: 800px) 100vw, 800px\" \/><em>\u017ar\u00f3d\u0142o: UMT; KADR<\/em><\/p>\n<p>&nbsp;<\/p>\n","protected":false},"excerpt":{"rendered":"<p>7 marca Prezes Renata \u0141ab\u0119d\u017a uczestniczy\u0142a w uroczystych obchodach 696. rocznicy lokacji Tarnowa. Gala jubileuszowa odby\u0142a si\u0119 w sali koncertowej<\/p>\n","protected":false},"author":1,"featured_media":0,"comment_status":"closed","ping_status":"open","sticky":false,"template":"","format":"standard","meta":{"footnotes":""},"categories":[12],"tags":[],"_links":{"self":[{"href":"https:\/\/www.not-tarnow.pl\/index.php\/wp-json\/wp\/v2\/posts\/7949"}],"collection":[{"href":"https:\/\/www.not-tarnow.pl\/index.php\/wp-json\/wp\/v2\/posts"}],"about":[{"href":"https:\/\/www.not-tarnow.pl\/index.php\/wp-json\/wp\/v2\/types\/post"}],"author":[{"embeddable":true,"href":"https:\/\/www.not-tarnow.pl\/index.php\/wp-json\/wp\/v2\/users\/1"}],"replies":[{"embeddable":true,"href":"https:\/\/www.not-tarnow.pl\/index.php\/wp-json\/wp\/v2\/comments?post=7949"}],"version-history":[{"count":3,"href":"https:\/\/www.not-tarnow.pl\/index.php\/wp-json\/wp\/v2\/posts\/7949\/revisions"}],"predecessor-version":[{"id":7957,"href":"https:\/\/www.not-tarnow.pl\/index.php\/wp-json\/wp\/v2\/posts\/7949\/revisions\/7957"}],"wp:attachment":[{"href":"https:\/\/www.not-tarnow.pl\/index.php\/wp-json\/wp\/v2\/media?parent=7949"}],"wp:term":[{"taxonomy":"category","embeddable":true,"href":"https:\/\/www.not-tarnow.pl\/index.php\/wp-json\/wp\/v2\/categories?post=7949"},{"taxonomy":"post_tag","embeddable":true,"href":"https:\/\/www.not-tarnow.pl\/index.php\/wp-json\/wp\/v2\/tags?post=7949"}],"curies":[{"name":"wp","href":"https:\/\/api.w.org\/{rel}","templated":true}]}}