{"id":7961,"date":"2026-03-16T12:36:10","date_gmt":"2026-03-16T11:36:10","guid":{"rendered":"https:\/\/www.not-tarnow.pl\/?p=7961"},"modified":"2026-03-16T12:38:45","modified_gmt":"2026-03-16T11:38:45","slug":"tarnow-uczcil-178-rocznice-wegierskiej-wiosny-ludow","status":"publish","type":"post","link":"https:\/\/www.not-tarnow.pl\/index.php\/2026\/03\/tarnow-uczcil-178-rocznice-wegierskiej-wiosny-ludow\/","title":{"rendered":"Tarn\u00f3w uczci\u0142 178. rocznic\u0119 W\u0119gierskiej Wiosny Lud\u00f3w!"},"content":{"rendered":"<p>W niedziel\u0119, 15 marca, wiceprezes Zarz\u0105du Les\u0142aw \u015awi\u0119tochowski wzi\u0105\u0142 udzia\u0142 w tarnowskich obchodach \u015bwi\u0119ta upami\u0119tniaj\u0105cego wybuch powstania w\u0119gierskiego z 1848 roku. To wydarzenie ma w Tarnowie szczeg\u00f3lne znaczenie \u2014 w\u0142a\u015bnie st\u0105d pochodzi gen. J\u00f3zef Bem, bohater narodowy Polski i W\u0119gier.<br \/>\nUroczysto\u015bci rozpocz\u0119\u0142a msza \u015bw. w intencji bohater\u00f3w walk o wolno\u015b\u0107. W Galerii Panorama odby\u0142a si\u0119 prelekcja o losach Panoramy Siedmiogrodzkiej, a nast\u0119pnie delegacje polska i w\u0119gierska z\u0142o\u017cy\u0142y wie\u0144ce przy Mauzoleum gen. Bema w Parku Strzeleckim. Obchody zwie\u0144czy\u0142 koncert w Sali Lustrzanej z udzia\u0142em artyst\u00f3w z W\u0119gier.<\/p>\n<p><img decoding=\"async\" loading=\"lazy\" class=\"aligncenter size-large wp-image-7962\" src=\"http:\/\/www.not-tarnow.pl\/wp-content\/uploads\/2026\/03\/img-20260315-wa0002-1024x576.jpg\" alt=\"\" width=\"800\" height=\"450\" srcset=\"https:\/\/www.not-tarnow.pl\/wp-content\/uploads\/2026\/03\/img-20260315-wa0002-1024x576.jpg 1024w, https:\/\/www.not-tarnow.pl\/wp-content\/uploads\/2026\/03\/img-20260315-wa0002-300x169.jpg 300w, https:\/\/www.not-tarnow.pl\/wp-content\/uploads\/2026\/03\/img-20260315-wa0002-768x432.jpg 768w, https:\/\/www.not-tarnow.pl\/wp-content\/uploads\/2026\/03\/img-20260315-wa0002-1536x864.jpg 1536w, https:\/\/www.not-tarnow.pl\/wp-content\/uploads\/2026\/03\/img-20260315-wa0002.jpg 1600w\" sizes=\"(max-width: 800px) 100vw, 800px\" \/> <img decoding=\"async\" loading=\"lazy\" class=\"aligncenter size-large wp-image-7965\" src=\"http:\/\/www.not-tarnow.pl\/wp-content\/uploads\/2026\/03\/img-20260315-wa0018.jpg\" alt=\"\" width=\"800\" height=\"533\" srcset=\"https:\/\/www.not-tarnow.pl\/wp-content\/uploads\/2026\/03\/img-20260315-wa0018.jpg 960w, https:\/\/www.not-tarnow.pl\/wp-content\/uploads\/2026\/03\/img-20260315-wa0018-300x200.jpg 300w, https:\/\/www.not-tarnow.pl\/wp-content\/uploads\/2026\/03\/img-20260315-wa0018-768x512.jpg 768w\" sizes=\"(max-width: 800px) 100vw, 800px\" \/><img decoding=\"async\" loading=\"lazy\" class=\"aligncenter size-large wp-image-7966\" src=\"http:\/\/www.not-tarnow.pl\/wp-content\/uploads\/2026\/03\/WWL-2026-1024x683.jpg\" alt=\"\" width=\"800\" height=\"534\" srcset=\"https:\/\/www.not-tarnow.pl\/wp-content\/uploads\/2026\/03\/WWL-2026-1024x683.jpg 1024w, https:\/\/www.not-tarnow.pl\/wp-content\/uploads\/2026\/03\/WWL-2026-300x200.jpg 300w, https:\/\/www.not-tarnow.pl\/wp-content\/uploads\/2026\/03\/WWL-2026-768x512.jpg 768w, https:\/\/www.not-tarnow.pl\/wp-content\/uploads\/2026\/03\/WWL-2026-1536x1024.jpg 1536w, https:\/\/www.not-tarnow.pl\/wp-content\/uploads\/2026\/03\/WWL-2026.jpg 1600w\" sizes=\"(max-width: 800px) 100vw, 800px\" \/><img decoding=\"async\" loading=\"lazy\" class=\"aligncenter size-large wp-image-7963\" src=\"http:\/\/www.not-tarnow.pl\/wp-content\/uploads\/2026\/03\/img-20260315-wa0008-1024x576.jpg\" alt=\"\" width=\"800\" height=\"450\" srcset=\"https:\/\/www.not-tarnow.pl\/wp-content\/uploads\/2026\/03\/img-20260315-wa0008-1024x576.jpg 1024w, https:\/\/www.not-tarnow.pl\/wp-content\/uploads\/2026\/03\/img-20260315-wa0008-300x169.jpg 300w, https:\/\/www.not-tarnow.pl\/wp-content\/uploads\/2026\/03\/img-20260315-wa0008-768x432.jpg 768w, https:\/\/www.not-tarnow.pl\/wp-content\/uploads\/2026\/03\/img-20260315-wa0008-1536x864.jpg 1536w, https:\/\/www.not-tarnow.pl\/wp-content\/uploads\/2026\/03\/img-20260315-wa0008.jpg 1600w\" sizes=\"(max-width: 800px) 100vw, 800px\" \/> <img decoding=\"async\" loading=\"lazy\" class=\"aligncenter size-large wp-image-7967\" src=\"http:\/\/www.not-tarnow.pl\/wp-content\/uploads\/2026\/03\/WWL-2026--1024x683.jpg\" alt=\"\" width=\"800\" height=\"534\" srcset=\"https:\/\/www.not-tarnow.pl\/wp-content\/uploads\/2026\/03\/WWL-2026--1024x683.jpg 1024w, https:\/\/www.not-tarnow.pl\/wp-content\/uploads\/2026\/03\/WWL-2026--300x200.jpg 300w, https:\/\/www.not-tarnow.pl\/wp-content\/uploads\/2026\/03\/WWL-2026--768x512.jpg 768w, https:\/\/www.not-tarnow.pl\/wp-content\/uploads\/2026\/03\/WWL-2026--1536x1024.jpg 1536w, https:\/\/www.not-tarnow.pl\/wp-content\/uploads\/2026\/03\/WWL-2026-.jpg 1600w\" sizes=\"(max-width: 800px) 100vw, 800px\" \/><img decoding=\"async\" loading=\"lazy\" class=\"aligncenter size-large wp-image-7964\" src=\"http:\/\/www.not-tarnow.pl\/wp-content\/uploads\/2026\/03\/img-20260315-wa0013-1024x576.jpg\" alt=\"\" width=\"800\" height=\"450\" srcset=\"https:\/\/www.not-tarnow.pl\/wp-content\/uploads\/2026\/03\/img-20260315-wa0013-1024x576.jpg 1024w, https:\/\/www.not-tarnow.pl\/wp-content\/uploads\/2026\/03\/img-20260315-wa0013-300x169.jpg 300w, https:\/\/www.not-tarnow.pl\/wp-content\/uploads\/2026\/03\/img-20260315-wa0013-768x432.jpg 768w, https:\/\/www.not-tarnow.pl\/wp-content\/uploads\/2026\/03\/img-20260315-wa0013-1536x864.jpg 1536w, https:\/\/www.not-tarnow.pl\/wp-content\/uploads\/2026\/03\/img-20260315-wa0013.jpg 1600w\" sizes=\"(max-width: 800px) 100vw, 800px\" \/><\/p>\n<p style=\"text-align: center;\"><em>zdj\u0119cia: L.\u015awi\u0119tochowski; A.Gawle<\/em><\/p>\n","protected":false},"excerpt":{"rendered":"<p>W niedziel\u0119, 15 marca, wiceprezes Zarz\u0105du Les\u0142aw \u015awi\u0119tochowski wzi\u0105\u0142 udzia\u0142 w tarnowskich obchodach \u015bwi\u0119ta upami\u0119tniaj\u0105cego wybuch powstania w\u0119gierskiego z 1848<\/p>\n","protected":false},"author":1,"featured_media":0,"comment_status":"closed","ping_status":"open","sticky":false,"template":"","format":"standard","meta":{"footnotes":""},"categories":[12],"tags":[],"_links":{"self":[{"href":"https:\/\/www.not-tarnow.pl\/index.php\/wp-json\/wp\/v2\/posts\/7961"}],"collection":[{"href":"https:\/\/www.not-tarnow.pl\/index.php\/wp-json\/wp\/v2\/posts"}],"about":[{"href":"https:\/\/www.not-tarnow.pl\/index.php\/wp-json\/wp\/v2\/types\/post"}],"author":[{"embeddable":true,"href":"https:\/\/www.not-tarnow.pl\/index.php\/wp-json\/wp\/v2\/users\/1"}],"replies":[{"embeddable":true,"href":"https:\/\/www.not-tarnow.pl\/index.php\/wp-json\/wp\/v2\/comments?post=7961"}],"version-history":[{"count":2,"href":"https:\/\/www.not-tarnow.pl\/index.php\/wp-json\/wp\/v2\/posts\/7961\/revisions"}],"predecessor-version":[{"id":7969,"href":"https:\/\/www.not-tarnow.pl\/index.php\/wp-json\/wp\/v2\/posts\/7961\/revisions\/7969"}],"wp:attachment":[{"href":"https:\/\/www.not-tarnow.pl\/index.php\/wp-json\/wp\/v2\/media?parent=7961"}],"wp:term":[{"taxonomy":"category","embeddable":true,"href":"https:\/\/www.not-tarnow.pl\/index.php\/wp-json\/wp\/v2\/categories?post=7961"},{"taxonomy":"post_tag","embeddable":true,"href":"https:\/\/www.not-tarnow.pl\/index.php\/wp-json\/wp\/v2\/tags?post=7961"}],"curies":[{"name":"wp","href":"https:\/\/api.w.org\/{rel}","templated":true}]}}