{"id":8332,"date":"2026-08-28T13:47:23","date_gmt":"2026-08-28T11:47:23","guid":{"rendered":"https:\/\/www.not-tarnow.pl\/?p=8332"},"modified":"2026-09-01T13:52:05","modified_gmt":"2026-09-01T11:52:05","slug":"x-posiedzenie-rady-biznesu-i-rozwoju-tarnowa","status":"publish","type":"post","link":"https:\/\/www.not-tarnow.pl\/index.php\/2026\/08\/x-posiedzenie-rady-biznesu-i-rozwoju-tarnowa\/","title":{"rendered":"X posiedzenie Rady Biznesu i Rozwoju Tarnowa"},"content":{"rendered":"<p><img decoding=\"async\" loading=\"lazy\" class=\"aligncenter size-large wp-image-8336\" src=\"http:\/\/www.not-tarnow.pl\/wp-content\/uploads\/2026\/09\/TP9_6029-1024x683.jpg\" alt=\"\" width=\"800\" height=\"534\" srcset=\"https:\/\/www.not-tarnow.pl\/wp-content\/uploads\/2026\/09\/TP9_6029-1024x683.jpg 1024w, https:\/\/www.not-tarnow.pl\/wp-content\/uploads\/2026\/09\/TP9_6029-300x200.jpg 300w, https:\/\/www.not-tarnow.pl\/wp-content\/uploads\/2026\/09\/TP9_6029-768x512.jpg 768w, https:\/\/www.not-tarnow.pl\/wp-content\/uploads\/2026\/09\/TP9_6029-1536x1024.jpg 1536w, https:\/\/www.not-tarnow.pl\/wp-content\/uploads\/2026\/09\/TP9_6029.jpg 1600w\" sizes=\"(max-width: 800px) 100vw, 800px\" \/><\/p>\n<p>25 sierpnia 2026 roku odby\u0142o si\u0119 <strong>X posiedzenie Rady Biznesu i Rozwoju Tarnowa \u2013 Wsp\u00f3lnoty Samorz\u0105du Terytorialnego i Gospodarczego<\/strong>. W spotkaniu uczestniczyli parlamentarzy\u015bci ziemi tarnowskiej, przedstawiciele w\u0142adz miasta oraz reprezentanci lokalnego biznesu. W pracach Rady aktywnie uczestniczyli r\u00f3wnie\u017c przedstawiciele NOT: <strong>Renata \u0141ab\u0119d\u017a, Les\u0142aw \u015awi\u0119tochowski i Krzysztof Mikulski<\/strong>.<\/p>\n<p>Podczas obrad om\u00f3wiono najwa\u017cniejsze wyzwania stoj\u0105ce przed Tarnowem oraz kierunki jego dalszego rozwoju. Dyskusja dotyczy\u0142a m.in. kluczowych inwestycji drogowych i komunikacyjnych, nowych teren\u00f3w dla przedsi\u0119biorc\u00f3w, Stref Aktywno\u015bci Gospodarczej oraz planowania przestrzennego miasta.<\/p>\n<p>Wa\u017cnym punktem spotkania by\u0142a tak\u017ce prezentacja post\u0119p\u00f3w projektu \u201eBiznes na pokolenia \u2013 EKOTARN\u00d3W\u201d, realizowanego w ramach Szwajcarsko\u2011Polskiego Programu Wsp\u00f3\u0142pracy. Projekt stanowi istotny element budowania nowoczesnego, zr\u00f3wnowa\u017conego \u015brodowiska dla lokalnych firm i inicjatyw gospodarczych.<\/p>\n<p>Podkre\u015blono, \u017ce Tarn\u00f3w potrzebuje stabilnych warunk\u00f3w dla inwestor\u00f3w, sprawnej komunikacji oraz konsekwentnego pozyskiwania \u015brodk\u00f3w na rozw\u00f3j. Wsp\u00f3\u0142praca samorz\u0105du, przedsi\u0119biorc\u00f3w, organizacji takich jak NOT oraz parlamentarzyst\u00f3w jest kluczowa, aby ambitne plany przek\u0142ada\u0142y si\u0119 na konkretne inwestycje, nowe miejsca pracy i lepsz\u0105 przysz\u0142o\u015b\u0107 mieszka\u0144c\u00f3w.<\/p>\n<p><img decoding=\"async\" loading=\"lazy\" class=\"aligncenter size-large wp-image-8333\" src=\"http:\/\/www.not-tarnow.pl\/wp-content\/uploads\/2026\/09\/TP9_5968-1024x683.jpg\" alt=\"\" width=\"800\" height=\"534\" srcset=\"https:\/\/www.not-tarnow.pl\/wp-content\/uploads\/2026\/09\/TP9_5968-1024x683.jpg 1024w, https:\/\/www.not-tarnow.pl\/wp-content\/uploads\/2026\/09\/TP9_5968-300x200.jpg 300w, https:\/\/www.not-tarnow.pl\/wp-content\/uploads\/2026\/09\/TP9_5968-768x512.jpg 768w, https:\/\/www.not-tarnow.pl\/wp-content\/uploads\/2026\/09\/TP9_5968-1536x1024.jpg 1536w, https:\/\/www.not-tarnow.pl\/wp-content\/uploads\/2026\/09\/TP9_5968.jpg 1600w\" sizes=\"(max-width: 800px) 100vw, 800px\" \/> <img decoding=\"async\" loading=\"lazy\" class=\"aligncenter size-large wp-image-8334\" src=\"http:\/\/www.not-tarnow.pl\/wp-content\/uploads\/2026\/09\/TP9_5990-1024x683.jpg\" alt=\"\" width=\"800\" height=\"534\" srcset=\"https:\/\/www.not-tarnow.pl\/wp-content\/uploads\/2026\/09\/TP9_5990-1024x683.jpg 1024w, https:\/\/www.not-tarnow.pl\/wp-content\/uploads\/2026\/09\/TP9_5990-300x200.jpg 300w, https:\/\/www.not-tarnow.pl\/wp-content\/uploads\/2026\/09\/TP9_5990-768x512.jpg 768w, https:\/\/www.not-tarnow.pl\/wp-content\/uploads\/2026\/09\/TP9_5990-1536x1024.jpg 1536w, https:\/\/www.not-tarnow.pl\/wp-content\/uploads\/2026\/09\/TP9_5990.jpg 1600w\" sizes=\"(max-width: 800px) 100vw, 800px\" \/> <img decoding=\"async\" loading=\"lazy\" class=\"aligncenter size-large wp-image-8335\" src=\"http:\/\/www.not-tarnow.pl\/wp-content\/uploads\/2026\/09\/TP9_6027-1024x683.jpg\" alt=\"\" width=\"800\" height=\"534\" srcset=\"https:\/\/www.not-tarnow.pl\/wp-content\/uploads\/2026\/09\/TP9_6027-1024x683.jpg 1024w, https:\/\/www.not-tarnow.pl\/wp-content\/uploads\/2026\/09\/TP9_6027-300x200.jpg 300w, https:\/\/www.not-tarnow.pl\/wp-content\/uploads\/2026\/09\/TP9_6027-768x512.jpg 768w, https:\/\/www.not-tarnow.pl\/wp-content\/uploads\/2026\/09\/TP9_6027-1536x1024.jpg 1536w, https:\/\/www.not-tarnow.pl\/wp-content\/uploads\/2026\/09\/TP9_6027.jpg 1600w\" sizes=\"(max-width: 800px) 100vw, 800px\" \/><\/p>\n<p style=\"text-align: center;\"><em>zdj\u0119cia: UMT<\/em><\/p>\n","protected":false},"excerpt":{"rendered":"<p>25 sierpnia 2026 roku odby\u0142o si\u0119 X posiedzenie Rady Biznesu i Rozwoju Tarnowa \u2013 Wsp\u00f3lnoty Samorz\u0105du Terytorialnego i Gospodarczego. W<\/p>\n","protected":false},"author":1,"featured_media":0,"comment_status":"closed","ping_status":"open","sticky":false,"template":"","format":"standard","meta":{"footnotes":""},"categories":[12],"tags":[],"_links":{"self":[{"href":"https:\/\/www.not-tarnow.pl\/index.php\/wp-json\/wp\/v2\/posts\/8332"}],"collection":[{"href":"https:\/\/www.not-tarnow.pl\/index.php\/wp-json\/wp\/v2\/posts"}],"about":[{"href":"https:\/\/www.not-tarnow.pl\/index.php\/wp-json\/wp\/v2\/types\/post"}],"author":[{"embeddable":true,"href":"https:\/\/www.not-tarnow.pl\/index.php\/wp-json\/wp\/v2\/users\/1"}],"replies":[{"embeddable":true,"href":"https:\/\/www.not-tarnow.pl\/index.php\/wp-json\/wp\/v2\/comments?post=8332"}],"version-history":[{"count":1,"href":"https:\/\/www.not-tarnow.pl\/index.php\/wp-json\/wp\/v2\/posts\/8332\/revisions"}],"predecessor-version":[{"id":8337,"href":"https:\/\/www.not-tarnow.pl\/index.php\/wp-json\/wp\/v2\/posts\/8332\/revisions\/8337"}],"wp:attachment":[{"href":"https:\/\/www.not-tarnow.pl\/index.php\/wp-json\/wp\/v2\/media?parent=8332"}],"wp:term":[{"taxonomy":"category","embeddable":true,"href":"https:\/\/www.not-tarnow.pl\/index.php\/wp-json\/wp\/v2\/categories?post=8332"},{"taxonomy":"post_tag","embeddable":true,"href":"https:\/\/www.not-tarnow.pl\/index.php\/wp-json\/wp\/v2\/tags?post=8332"}],"curies":[{"name":"wp","href":"https:\/\/api.w.org\/{rel}","templated":true}]}}