{"id":8338,"date":"2026-09-02T15:13:46","date_gmt":"2026-09-02T13:13:46","guid":{"rendered":"https:\/\/www.not-tarnow.pl\/?p=8338"},"modified":"2026-09-02T15:14:07","modified_gmt":"2026-09-02T13:14:07","slug":"rozpoczecie-roku-szkolnego-w-zespole-szkol-technicznych","status":"publish","type":"post","link":"https:\/\/www.not-tarnow.pl\/index.php\/2026\/09\/rozpoczecie-roku-szkolnego-w-zespole-szkol-technicznych\/","title":{"rendered":"Rozpocz\u0119cie roku szkolnego w Zespole Szk\u00f3\u0142 Technicznych"},"content":{"rendered":"<p><img decoding=\"async\" loading=\"lazy\" class=\"aligncenter size-large wp-image-8341\" src=\"http:\/\/www.not-tarnow.pl\/wp-content\/uploads\/2026\/09\/790412526_1423428459705919_1837935421369026015_n-1024x683.jpg\" alt=\"\" width=\"800\" height=\"534\" srcset=\"https:\/\/www.not-tarnow.pl\/wp-content\/uploads\/2026\/09\/790412526_1423428459705919_1837935421369026015_n-1024x683.jpg 1024w, https:\/\/www.not-tarnow.pl\/wp-content\/uploads\/2026\/09\/790412526_1423428459705919_1837935421369026015_n-300x200.jpg 300w, https:\/\/www.not-tarnow.pl\/wp-content\/uploads\/2026\/09\/790412526_1423428459705919_1837935421369026015_n-768x512.jpg 768w, https:\/\/www.not-tarnow.pl\/wp-content\/uploads\/2026\/09\/790412526_1423428459705919_1837935421369026015_n-1536x1024.jpg 1536w, https:\/\/www.not-tarnow.pl\/wp-content\/uploads\/2026\/09\/790412526_1423428459705919_1837935421369026015_n.jpg 1800w\" sizes=\"(max-width: 800px) 100vw, 800px\" \/><\/p>\n<p style=\"text-align: center;\">1 wrze\u015bnia\u00a0 2026 r. Prezes NOT Tarn\u00f3w Renata \u0141ab\u0119d\u017a uczestniczy\u0142a w uroczystej\u00a0inauguracji nowego roku szkolnego 2026\/2027 w Zespole Szk\u00f3\u0142 Technicznych im. I. Mo\u015bcickiego w Tarnowie-Mo\u015bcicach.<\/p>\n<p><img decoding=\"async\" loading=\"lazy\" class=\"aligncenter size-large wp-image-8342\" src=\"http:\/\/www.not-tarnow.pl\/wp-content\/uploads\/2026\/09\/792717146_1384217219866218_6225067321860389201_n-1024x683.jpg\" alt=\"\" width=\"800\" height=\"534\" srcset=\"https:\/\/www.not-tarnow.pl\/wp-content\/uploads\/2026\/09\/792717146_1384217219866218_6225067321860389201_n-1024x683.jpg 1024w, https:\/\/www.not-tarnow.pl\/wp-content\/uploads\/2026\/09\/792717146_1384217219866218_6225067321860389201_n-300x200.jpg 300w, https:\/\/www.not-tarnow.pl\/wp-content\/uploads\/2026\/09\/792717146_1384217219866218_6225067321860389201_n-768x512.jpg 768w, https:\/\/www.not-tarnow.pl\/wp-content\/uploads\/2026\/09\/792717146_1384217219866218_6225067321860389201_n-1536x1024.jpg 1536w, https:\/\/www.not-tarnow.pl\/wp-content\/uploads\/2026\/09\/792717146_1384217219866218_6225067321860389201_n.jpg 1800w\" sizes=\"(max-width: 800px) 100vw, 800px\" \/><img decoding=\"async\" loading=\"lazy\" class=\"aligncenter size-large wp-image-8339\" src=\"http:\/\/www.not-tarnow.pl\/wp-content\/uploads\/2026\/09\/785349949_2443810576113525_7286913445735209632_n-1024x683.jpg\" alt=\"\" width=\"800\" height=\"534\" srcset=\"https:\/\/www.not-tarnow.pl\/wp-content\/uploads\/2026\/09\/785349949_2443810576113525_7286913445735209632_n-1024x683.jpg 1024w, https:\/\/www.not-tarnow.pl\/wp-content\/uploads\/2026\/09\/785349949_2443810576113525_7286913445735209632_n-300x200.jpg 300w, https:\/\/www.not-tarnow.pl\/wp-content\/uploads\/2026\/09\/785349949_2443810576113525_7286913445735209632_n-768x512.jpg 768w, https:\/\/www.not-tarnow.pl\/wp-content\/uploads\/2026\/09\/785349949_2443810576113525_7286913445735209632_n-1536x1024.jpg 1536w, https:\/\/www.not-tarnow.pl\/wp-content\/uploads\/2026\/09\/785349949_2443810576113525_7286913445735209632_n.jpg 1800w\" sizes=\"(max-width: 800px) 100vw, 800px\" \/> <img decoding=\"async\" loading=\"lazy\" class=\"aligncenter size-large wp-image-8340\" src=\"http:\/\/www.not-tarnow.pl\/wp-content\/uploads\/2026\/09\/790367483_28235602886073661_1661925763203987592_n-1024x683.jpg\" alt=\"\" width=\"800\" height=\"534\" srcset=\"https:\/\/www.not-tarnow.pl\/wp-content\/uploads\/2026\/09\/790367483_28235602886073661_1661925763203987592_n-1024x683.jpg 1024w, https:\/\/www.not-tarnow.pl\/wp-content\/uploads\/2026\/09\/790367483_28235602886073661_1661925763203987592_n-300x200.jpg 300w, https:\/\/www.not-tarnow.pl\/wp-content\/uploads\/2026\/09\/790367483_28235602886073661_1661925763203987592_n-768x512.jpg 768w, https:\/\/www.not-tarnow.pl\/wp-content\/uploads\/2026\/09\/790367483_28235602886073661_1661925763203987592_n-1536x1024.jpg 1536w, https:\/\/www.not-tarnow.pl\/wp-content\/uploads\/2026\/09\/790367483_28235602886073661_1661925763203987592_n.jpg 1800w\" sizes=\"(max-width: 800px) 100vw, 800px\" \/><\/p>\n<p style=\"text-align: center;\"><em>zdj\u0119cia: ZST<\/em><\/p>\n","protected":false},"excerpt":{"rendered":"<p>1 wrze\u015bnia\u00a0 2026 r. Prezes NOT Tarn\u00f3w Renata \u0141ab\u0119d\u017a uczestniczy\u0142a w uroczystej\u00a0inauguracji nowego roku szkolnego 2026\/2027 w Zespole Szk\u00f3\u0142 Technicznych<\/p>\n","protected":false},"author":1,"featured_media":0,"comment_status":"closed","ping_status":"open","sticky":false,"template":"","format":"standard","meta":{"footnotes":""},"categories":[12],"tags":[],"_links":{"self":[{"href":"https:\/\/www.not-tarnow.pl\/index.php\/wp-json\/wp\/v2\/posts\/8338"}],"collection":[{"href":"https:\/\/www.not-tarnow.pl\/index.php\/wp-json\/wp\/v2\/posts"}],"about":[{"href":"https:\/\/www.not-tarnow.pl\/index.php\/wp-json\/wp\/v2\/types\/post"}],"author":[{"embeddable":true,"href":"https:\/\/www.not-tarnow.pl\/index.php\/wp-json\/wp\/v2\/users\/1"}],"replies":[{"embeddable":true,"href":"https:\/\/www.not-tarnow.pl\/index.php\/wp-json\/wp\/v2\/comments?post=8338"}],"version-history":[{"count":2,"href":"https:\/\/www.not-tarnow.pl\/index.php\/wp-json\/wp\/v2\/posts\/8338\/revisions"}],"predecessor-version":[{"id":8344,"href":"https:\/\/www.not-tarnow.pl\/index.php\/wp-json\/wp\/v2\/posts\/8338\/revisions\/8344"}],"wp:attachment":[{"href":"https:\/\/www.not-tarnow.pl\/index.php\/wp-json\/wp\/v2\/media?parent=8338"}],"wp:term":[{"taxonomy":"category","embeddable":true,"href":"https:\/\/www.not-tarnow.pl\/index.php\/wp-json\/wp\/v2\/categories?post=8338"},{"taxonomy":"post_tag","embeddable":true,"href":"https:\/\/www.not-tarnow.pl\/index.php\/wp-json\/wp\/v2\/tags?post=8338"}],"curies":[{"name":"wp","href":"https:\/\/api.w.org\/{rel}","templated":true}]}}